{"id":2339,"date":"2017-02-16T18:06:09","date_gmt":"2017-02-16T17:06:09","guid":{"rendered":"http:\/\/www.city-magazin.at\/?p=2339"},"modified":"2017-09-05T12:22:40","modified_gmt":"2017-09-05T10:22:40","slug":"sechs-jahrhunderte-im-zentrum","status":"publish","type":"post","link":"https:\/\/www.city-magazin.at\/index.php\/sechs-jahrhunderte-im-zentrum\/","title":{"rendered":"Sechs Jahrhunderte im Zentrum &#8211; Linz verf\u00fcgt mit dem Alten Rathaus \u00fcber ein architektonisches Juwel am Hauptplatz"},"content":{"rendered":"<div class=\"fusion-fullwidth fullwidth-box nonhundred-percent-fullwidth non-hundred-percent-height-scrolling\"  style='background-color: rgba(255,255,255,0);background-position: center center;background-repeat: no-repeat;padding-top:20px;padding-right:0px;padding-bottom:20px;padding-left:0px;'><div class=\"fusion-builder-row fusion-row \"><div  class=\"fusion-layout-column fusion_builder_column fusion_builder_column_1_1  fusion-one-full fusion-column-first fusion-column-last 1_1\"  style='margin-top:0px;margin-bottom:20px;'>\n\t\t\t\t\t<div class=\"fusion-column-wrapper\" style=\"background-position:left top;background-repeat:no-repeat;-webkit-background-size:cover;-moz-background-size:cover;-o-background-size:cover;background-size:cover;\"  data-bg-url=\"\">\n\t\t\t\t\t\t<div class=\"fusion-title title fusion-sep-none fusion-title-size-one\" style=\"margin-top:0px;margin-bottom:31px;\"><h1 class=\"title-heading-left\"><h1><span style=\"color: #e20714;\">Sechs Jahrhunderte<\/span> im Zentrum<\/h1><\/h1><\/div><div class=\"fusion-title title fusion-sep-none fusion-title-size-one\" style=\"margin-top:0px;margin-bottom:31px;\"><h1 class=\"title-heading-left\"><h4>Linz verf\u00fcgt mit dem Alten Rathaus \u00fcber ein architektonisches Juwel am Hauptplatz<\/h4><\/h1><\/div><div class=\"fusion-text\"><p><em>Das Linzer Rathaus steht seit mehr als 600 Jahren im Brennpunkt der Geschichte. Im ausgehenden Mittelalter k\u00e4mpften Turnierreiter vor seinen Mauern, im Barock erteilte ein Papst vom Balkon aus seinen Segen ans Volk und schlie\u00dflich verk\u00fcndete Hitler dort die R\u00fcckkehr \u00d6sterreichs ins Deutsche Reich.<\/em><!--more--><\/p>\n<p>Schon um 1490 erhielt Linz das Recht, einen B\u00fcrgermeister zu w\u00e4hlen. Der Amtsinhaber haftete angeblich in jener Zeit f\u00fcr die Schulden der Stadt, die sich w\u00e4hrend seiner Funktionsperiode angeh\u00e4uft hatten. Jedenfalls waren im sp\u00e4ten 18. Jahrhundert B\u00fcrgermeister und Stadtr\u00e4te verpflichtet, eventuelle Defizite aus ihrem Privatverm\u00f6gen zu begleichen. Damals wurden diese Funktion\u00e4re nicht gew\u00e4hlt, sondern vom zentralistisch gef\u00fchrten Staat eingesetzt.<\/p>\n<p><strong>Schm\u00e4hung.<\/strong> Das schon 1415 in historischen Quellen erw\u00e4hnte Rathaus wurde 1509 Opfer eines Brandes. Auf dem Neubau fixierte 1512 ein spanischer Adeliger eine Schm\u00e4hschrift. Damit beleidigte er die deutsche Ritterschaft und forderte einen Vertreter zum Kampf auf Leben und Tod heraus. Das \u201eLosensteiner Turnier\u201c trugen die Streith\u00e4hne anl\u00e4sslich der Hochzeit von Erzherzog Ferdinand I. und Anna von Ungarn vor dem Rathaus am Hauptplatz aus. Der \u00d6sterreicher griff zu einer List: Er brachte seinen Hengst dazu, sich in die N\u00fcstern des gegnerischen Pferdes zu verbei\u00dfen und damit das Tier festzuhalten. H\u00e4tte der hochadelige Br\u00e4utigam nicht interveniert, w\u00e4re der Rivale auf der Stelle get\u00f6tet worden.<\/p>\n<p><strong>Wie ein Puzzle.<\/strong> Der heutige Komplex des Alten Rathauses setzt sich aus mehreren ehemaligen Privath\u00e4usern zusammen. Seine Vergr\u00f6\u00dferung, die erst im vorigen Jahrhundert ihren Abschluss fand, begann um 1658\/59. Zu dieser Zeit vereinten Architekten den damaligen Verwaltungssitz mit dem Nachbarhaus, indem sie beide Geb\u00e4ude mit einer gemeinsamen Fassade versahen. Diese besteht aus einer Folge von senkrechten wei\u00dfen \u201ePilastern\u201c, die sich leicht von der Mauer abheben, und rosaroten Fensterreihen. Die Bausubstanz dahinter blieb unver\u00e4ndert. Gotische Gew\u00f6lbe und ein Arkadenhof im Renaissancestil sind bis zur Gegenwart erhalten. Auch der Eckturm stammt aus der fr\u00fcheren Bauphase. Papst Pius VI. kam nach \u00d6sterreich in der vergeblichen Hoffnung, die Reformwut von Kaiser Josef II. zu bremsen. Dieser hatte n\u00e4mlich etliche Kl\u00f6ster und Orden aufgel\u00f6st, die sich nur dem Beten und Meditieren widmeten. Dabei besuchte der Heilige Vater 1782 Linz und spendete vom Rathausbalkon aus dem versammelten Volk seinen Segen. Am 12. M\u00e4rz 1938 fielen deutsche Truppen in \u00d6sterreich ein. Am gleichen Tag pr\u00e4sentierte sich Hitler seinen \u201ebefreiten\u201c Landsleuten ebenfalls am Rathausbalkon. Die \u201eVorsehung\u201c habe ihm, so behauptete der neue Messias, den Auftrag erteilt, \u201emeine teure Heimat dem deutschen Reich wiederzugeben\u201c. Die Verhei\u00dfungen des Rattenf\u00e4ngers f\u00fchrten letztlich zur Verw\u00fcstung seiner geliebten \u201eF\u00fchrerstadt\u201c.<\/p>\n<p><strong>Zahnmuseum und Kunstraum. <\/strong>Das Neue Rathaus auf der dem Hauptplatz gegen\u00fcberliegenden Donauseite, beherbergt seit 1985 viele Dienststellen des Magistrats und wird von den Linzer wenig liebevoll oft als \u201eTintenburg\u201c bezeichnet. Der B\u00fcrgermeister, der Gemeinderat, der Stadtsenat und einige \u00c4mter sind jedoch den alten R\u00e4umlichkeiten treu geblieben. Besucher k\u00f6nnen Kunstwerke, wie ein Gem\u00e4lde von Christian Ludwig Attersee bewundern, die auf verschiedenen Etagen gezeigt werden. Sie sind auch eingeladen, eine (schmerzfreie) Besichtigung des dortigen Zahnmuseums zu unternehmen und nachher im Arkadenhof, im traditionellen Wirtshaus Keintzel ihre Kauwerkzeuge einzusetzen. Samstags steht dort \u00fcbrigens ein Schweinsbraten auf der Speisekarte, der als echter Geheimtipp gilt. Trotz Modernisierungen bem\u00fchen sich die Verantwortlichen, Reste alter Ornamentik und Bauteile zu konservieren. Ein dekoratives Gem\u00e4lde entdecken wir zum Beispiel unter dem gl\u00e4sernen Fu\u00dfboden im Konferenzraum er Magistratsdirektion. R\u00e4umlichkeiten f\u00fcr Produktpr\u00e4sentationen und Events k\u00f6nnen im Rathaus angemietet werden.<\/p>\n<\/div><div class=\"fusion-image-carousel fusion-image-carousel-fixed fusion-carousel-border\"><div class=\"fusion-carousel\" data-autoplay=\"no\" data-columns=\"5\" data-itemmargin=\"13\" data-itemwidth=\"180\" data-touchscroll=\"no\" data-imagesize=\"fixed\"><div class=\"fusion-carousel-positioner\"><ul class=\"fusion-carousel-holder\"><li class=\"fusion-carousel-item\"><div class=\"fusion-carousel-item-wrapper\"><div class=\"fusion-image-wrapper hover-type-none\"><img loading=\"lazy\" decoding=\"async\" width=\"320\" height=\"202\" src=\"https:\/\/i0.wp.com\/www.city-magazin.at\/wp-content\/uploads\/2017\/02\/2017-03-Zeitgeschichte-1.png?resize=320%2C202&amp;ssl=1\" class=\"attachment-blog-medium size-blog-medium\" alt=\"Fotos: \u00a9Sokoloff\" srcset=\"https:\/\/i0.wp.com\/www.city-magazin.at\/wp-content\/uploads\/2017\/02\/2017-03-Zeitgeschichte-1.png?resize=320%2C202&amp;ssl=1 320w, https:\/\/i0.wp.com\/www.city-magazin.at\/wp-content\/uploads\/2017\/02\/2017-03-Zeitgeschichte-1.png?zoom=2&amp;resize=320%2C202 640w, https:\/\/i0.wp.com\/www.city-magazin.at\/wp-content\/uploads\/2017\/02\/2017-03-Zeitgeschichte-1.png?resize=700%2C441&amp;ssl=1 700w, https:\/\/i0.wp.com\/www.city-magazin.at\/wp-content\/uploads\/2017\/02\/2017-03-Zeitgeschichte-1.png?fit=1000%2C601&amp;ssl=1 1000w\" sizes=\"auto, (max-width: 320px) 100vw, 320px\" \/><\/div><\/div><\/li><li class=\"fusion-carousel-item\"><div class=\"fusion-carousel-item-wrapper\"><div class=\"fusion-image-wrapper hover-type-none\"><img loading=\"lazy\" decoding=\"async\" width=\"320\" height=\"202\" src=\"https:\/\/i0.wp.com\/www.city-magazin.at\/wp-content\/uploads\/2017\/02\/2017-03-Zeitgeschichte-2.png?resize=320%2C202&amp;ssl=1\" class=\"attachment-blog-medium size-blog-medium\" alt=\"Fotos: \u00a9Sokoloff\" srcset=\"https:\/\/i0.wp.com\/www.city-magazin.at\/wp-content\/uploads\/2017\/02\/2017-03-Zeitgeschichte-2.png?resize=320%2C202&amp;ssl=1 320w, https:\/\/i0.wp.com\/www.city-magazin.at\/wp-content\/uploads\/2017\/02\/2017-03-Zeitgeschichte-2.png?fit=500%2C352&amp;ssl=1 500w\" sizes=\"auto, (max-width: 320px) 100vw, 320px\" \/><\/div><\/div><\/li><\/ul><div class=\"fusion-carousel-nav\"><span class=\"fusion-nav-prev\"><\/span><span class=\"fusion-nav-next\"><\/span><\/div><\/div><\/div><\/div><div class=\"fusion-text\"><p style=\"text-align: center;\">Fotos: \u00a9Sokoloff<\/p>\n<\/div><div class=\"fusion-clearfix\"><\/div>\n\n\t\t\t\t\t<\/div>\n\t\t\t\t<\/div><\/div><\/div>\n","protected":false},"excerpt":{"rendered":"<p>Das Linzer Rathaus steht seit mehr als 600 Jahren im Brennpunkt der Geschichte. Im ausgehenden Mittelalter k\u00e4mpften Turnierreiter vor seinen Mauern, im Barock erteilte ein Papst vom Balkon aus seinen Segen ans Volk und schlie\u00dflich verk\u00fcndete Hitler dort die R\u00fcckkehr \u00d6sterreichs ins Deutsche Reich.<\/p>\n","protected":false},"author":4,"featured_media":2343,"comment_status":"closed","ping_status":"closed","sticky":false,"template":"","format":"standard","meta":{"jetpack_post_was_ever_published":false,"_jetpack_newsletter_access":"","_jetpack_dont_email_post_to_subs":false,"_jetpack_newsletter_tier_id":0,"_jetpack_memberships_contains_paywalled_content":false,"_jetpack_memberships_contains_paid_content":false,"footnotes":"","jetpack_publicize_message":"","jetpack_publicize_feature_enabled":true,"jetpack_social_post_already_shared":false,"jetpack_social_options":{"image_generator_settings":{"template":"highway","default_image_id":0,"font":"","enabled":false},"version":2}},"categories":[17,18,30],"tags":[],"class_list":["post-2339","post","type-post","status-publish","format-standard","has-post-thumbnail","hentry","category-stadt","category-zeitgeschichte","category-zeitlos"],"jetpack_publicize_connections":[],"jetpack_featured_media_url":"https:\/\/i0.wp.com\/www.city-magazin.at\/wp-content\/uploads\/2017\/02\/2017-03-Zeitgeschichte-1.png?fit=1000%2C601&ssl=1","jetpack_shortlink":"https:\/\/wp.me\/p7QK0n-BJ","jetpack_sharing_enabled":true,"_links":{"self":[{"href":"https:\/\/www.city-magazin.at\/index.php\/wp-json\/wp\/v2\/posts\/2339","targetHints":{"allow":["GET"]}}],"collection":[{"href":"https:\/\/www.city-magazin.at\/index.php\/wp-json\/wp\/v2\/posts"}],"about":[{"href":"https:\/\/www.city-magazin.at\/index.php\/wp-json\/wp\/v2\/types\/post"}],"author":[{"embeddable":true,"href":"https:\/\/www.city-magazin.at\/index.php\/wp-json\/wp\/v2\/users\/4"}],"replies":[{"embeddable":true,"href":"https:\/\/www.city-magazin.at\/index.php\/wp-json\/wp\/v2\/comments?post=2339"}],"version-history":[{"count":10,"href":"https:\/\/www.city-magazin.at\/index.php\/wp-json\/wp\/v2\/posts\/2339\/revisions"}],"predecessor-version":[{"id":2899,"href":"https:\/\/www.city-magazin.at\/index.php\/wp-json\/wp\/v2\/posts\/2339\/revisions\/2899"}],"wp:featuredmedia":[{"embeddable":true,"href":"https:\/\/www.city-magazin.at\/index.php\/wp-json\/wp\/v2\/media\/2343"}],"wp:attachment":[{"href":"https:\/\/www.city-magazin.at\/index.php\/wp-json\/wp\/v2\/media?parent=2339"}],"wp:term":[{"taxonomy":"category","embeddable":true,"href":"https:\/\/www.city-magazin.at\/index.php\/wp-json\/wp\/v2\/categories?post=2339"},{"taxonomy":"post_tag","embeddable":true,"href":"https:\/\/www.city-magazin.at\/index.php\/wp-json\/wp\/v2\/tags?post=2339"}],"curies":[{"name":"wp","href":"https:\/\/api.w.org\/{rel}","templated":true}]}}