{"id":3673,"date":"2019-04-29T22:31:31","date_gmt":"2019-04-29T20:31:31","guid":{"rendered":"http:\/\/www.city-magazin.at\/?p=3673"},"modified":"2019-06-03T22:56:41","modified_gmt":"2019-06-03T20:56:41","slug":"interview-nadja-maleh","status":"publish","type":"post","link":"https:\/\/www.city-magazin.at\/index.php\/interview-nadja-maleh\/","title":{"rendered":"Interview Nadja Maleh"},"content":{"rendered":"<div class=\"fusion-fullwidth fullwidth-box nonhundred-percent-fullwidth non-hundred-percent-height-scrolling\"  style='background-color: rgba(255,255,255,0);background-position: center center;background-repeat: no-repeat;padding-top:20px;padding-right:0px;padding-bottom:20px;padding-left:0px;'><div class=\"fusion-builder-row fusion-row \"><div  class=\"fusion-layout-column fusion_builder_column fusion_builder_column_1_1  fusion-one-full fusion-column-first fusion-column-last 1_1\"  style='margin-top:0px;margin-bottom:20px;'>\n\t\t\t\t\t<div class=\"fusion-column-wrapper\" style=\"padding: 0px 0px 0px 0px;background-position:left top;background-repeat:no-repeat;-webkit-background-size:cover;-moz-background-size:cover;-o-background-size:cover;background-size:cover;\"  data-bg-url=\"\">\n\t\t\t\t\t\t<div class=\"fusion-title title fusion-sep-none fusion-title-size-one\" style=\"margin-top:0px;margin-bottom:31px;\"><h1 class=\"title-heading-left\"><h1><span style=\"color: #e20714;\">Sehr wach <\/span>im KOPF<\/h1><\/h1><\/div><div class=\"fusion-title title fusion-sep-none fusion-title-size-one\" style=\"margin-top:0px;margin-bottom:31px;\"><h1 class=\"title-heading-left\"><h4>NADJA MALEH \u00fcber Missgeschicke, Inspirationen und Gl\u00fccksmomente<\/h4><\/h1><\/div><div class=\"fusion-text\"><p>Gutes Kabarett zu machen ist eine hohe Kunst. Eine, die dieses Metier perfekt beherrscht, ist Nadja Maleh. <em>City!<\/em>-Redakteurin Hilde Weber\u00a0 traf die sympathische K\u00fcnstlerin zum exklusiven <em>City!<\/em>-Talk.<\/p>\n<p><!--more--><\/p>\n<p><strong><em>CITY!:<\/em><\/strong> <strong><em>Sie gastieren am 1. August mit Ihrem Programm \u201eHoppala\u201c im Rosengarten am P\u00f6stlingberg. Worauf darf sich denn das Publikum freuen?<\/em><\/strong><\/p>\n<p><strong>Maleh:<\/strong> Auf erfundene und echte Hoppalas. Ich sehe es so, dass die Geschichte der Menschheit ja eine Geschichte voller Hoppalas ist. Das begann schon, als Gott den Menschen erschuf und dieser \u2013 Hoppala \u2013 gleich Gott sein wollte, ohne zu bedenken, was das bedeutet. Den ganzen Tag angejammert zu werden, nie Urlaub zu haben und 365 Tage im Jahr rund um die Uhr erreichbar zu sein \u2013 und das auch noch unbezahlt. Die ganze Evolutionsgeschichte ist also von Anfang an voller Hoppalas, die eines gemeinsam haben: sie sind menschlich. Von gro\u00dfen und kleinen, erfundenen und wahren Missgeschicken erz\u00e4hle ich in meinem Programm.<\/p>\n<p><strong><em>Anf\u00e4llig f\u00fcr Hoppalas?<\/em><\/strong><\/p>\n<p>Nein! Ich bin die einzige Person auf der Welt, die perfekt ist.<\/p>\n<p><strong><em>Echt?<\/em><\/strong><\/p>\n<p>Spa\u00df beiseite. Nat\u00fcrlich ist auch mir schon das eine oder andere Missgeschick passiert. Niemand will Fehler machen, aber sie passieren einfach \u2013 manchmal sind sie fatal, gro\u00df oder klein, manchmal wichtig oder unwichtig. Aber ohne Hoppalas geht gar nichts.<\/p>\n<p><strong><em>Ist Ihnen ein B\u00fchnenhoppala in Erinnerung?<\/em><\/strong><\/p>\n<p>In meiner allerersten Produktion, damals im Alter von 21, bin ich auf der B\u00fchne ausgerutscht und hingefallen. Das war wirklich schrecklich f\u00fcr mich. Insgeheim hab ich noch gehofft, dass die Leute glauben, es geh\u00f6rt dazu, aber es war leider nicht zu \u00fcbersehen, dass mir ein Missgeschick passiert ist. Ich hatte in dem Moment nur einen Gedanken: \u201eAliens, wenn es euch wirklich gibt, holt mich bitte jetzt!\u201c.<\/p>\n<p><strong><em>Woher nehmen Sie die Ideen f\u00fcr Ihre Programme?<\/em><\/strong><\/p>\n<p>Aus dem t\u00e4glichen Leben. Ich suche mir ein Thema, das mich ber\u00fchrt und besch\u00e4ftigt und recherchiere dazu \u2013 in Zeitungen, in Gespr\u00e4chen mit vielen Menschen, in allt\u00e4glichen Situationen wie beim U-Bahn-Fahren \u2013 und ich beobachte sehr genau. Oft kommt mir spontan eine Idee dazu und all das notiere ich gleich in einem kleinen Notizbuch, das ich immer mit mir herumtrage.<\/p>\n<p><strong><em>Wor\u00fcber k\u00f6nnen Sie selbst lachen?<\/em><\/strong><\/p>\n<p>\u00dcber mich. Letztens hab ich ein Haushaltsger\u00e4t, das ich nach dem Geschirrsp\u00fclen schon 100mal zusammengebaut habe, nicht mehr zusammenbauen k\u00f6nnen. Ich wusste einfach nicht mehr, welches Teil nun wohin geh\u00f6rt. Da hab ich \u00fcber meine eigene Bl\u00f6dheit lauthals gelacht. Solche Dinge passieren mir und ich lach wirklich viel \u00fcber mich.<\/p>\n<p><strong><em>Kennen Sie Lampenfieber?<\/em><\/strong><\/p>\n<p>Ein bisserl Adrenalin muss schon generell im Blut sein, um die n\u00f6tige Grundspannung zu haben und wach im Kopf zu sein. Lampenfieber habe ich bei Premieren oder gro\u00dfen Galas oder wenn jemand im Publikum sitzt, der \u2013 aus welchen Gr\u00fcnden auch immer \u2013 sehr wichtig ist.<\/p>\n<p><strong><em>Sie sind sehr vielseitig \u2013 Kabarettistin, S\u00e4ngerin, Schauspielerin. Was braucht es da alles zum Erfolg?<\/em><\/strong><\/p>\n<p>Leidenschaft und Interesse f\u00fcr die Sache, Talent, Disziplin und Durchhalteverm\u00f6gen und einen unersch\u00fctterlichen Glauben an sich selbst, denn in unserem Beruf hat man auch oft mit R\u00fcckschl\u00e4gen zu k\u00e4mpfen, muss aufstehen und wieder weiter machen. Und nat\u00fcrlich auch das Gl\u00fcck, zur richtigen Zeit am richtigen Ort den richtigen Menschen zu begegnen. Auch Mut geh\u00f6rt dazu, denn mit jeder Premiere geht man ein Risiko ein und es braucht Mut, sich so offen zu zeigen. Unterm Strich basiert Erfolg auf einer Mischung all dieser Komponenten.<\/p>\n<p><strong><em>Andere Berufsw\u00fcnsche?<\/em><\/strong><\/p>\n<p>Nein, wirklich niemals. Seit ich sprechen und gehen, denken und f\u00fchlen kann, wollte ich Schauspielerin werden. Meine Eltern haben das\u00a0 akzeptiert und mich sehr unterst\u00fctzt \u2013 wohl auch, weil sie erkannt haben, dass alles andere mir gegen\u00fcber so etwas wie Gewaltanwendung gewesen w\u00e4re. Sie haben mir meine Freiheit gelassen und dar\u00fcber bin ich auch wirklich froh.<\/p>\n<p><strong><em>Ihr Vater stammt ja aus Syrien. Haben Sie noch Verbindungen in dieses so vom Krieg gebeutelte Land?<\/em><\/strong><\/p>\n<p>Ich habe vor allem emotional eine sehr starke Verbindung dorthin, weil v\u00e4terlicherseits meine Wurzeln dort liegen und daher ein Teil von mir eine syrische Identit\u00e4t hat. Ich habe auch noch Verwandte in Syrien. Es ist erschreckend und schockierend, was dort passiert und es macht mich unendlich traurig. Ich hoffe und w\u00fcnsche mir sehr, dass am Verhandlungstisch eine L\u00f6sung f\u00fcr diesen Konflikt gefunden wird und das Leiden, Sterben und Fl\u00fcchten ein Ende hat. Syrien war eine kulturelle Wiege der Menschheit und kein Land der Welt verdient es, so zerst\u00f6rt zu werden.<\/p>\n<p><strong><em>Mit wem w\u00fcrden Sie gerne einen Abend verbringen?<\/em><\/strong><\/p>\n<p>Wenn das m\u00f6glich w\u00e4re, dann mit meinem fr\u00fcheren Ich \u2013 so wie ich war mit 20. Ich w\u00fcrde mir gerne zuh\u00f6ren und mir Verst\u00e4ndnis und Hoffnung schenken und Visionen f\u00fcr die Zukunft geben. Ich war in meinem Leben ein paar Mal an einem Punkt, wo ich alles aufgeben wollte. R\u00fcckblickend w\u00fcrde ich meinem 20j\u00e4hrigen Ich sagen: \u201eKopf hoch, mach weiter, es lohnt sich, das wird noch ganz super!\u201c.<\/p>\n<p><strong><em>Was w\u00fcnschen Sie sich f\u00fcr die Zukunft?<\/em><\/strong><\/p>\n<p>Dass alles so weiter w\u00e4chst wie bisher, dass ich mich k\u00fcnstlerisch weiterentwickle, dass alles, was sch\u00f6n und gut ist, noch sch\u00f6ner und besser wird. Ja, das w\u00fcnsch ich mir.<\/p>\n<p><strong><em>Was macht Sie gl\u00fccklich?<\/em><\/strong><\/p>\n<p>Ich hab ganz viele gl\u00fcckliche Momente in meinem Leben \u2013 das kann eine nette Begegnung ebenso sein wie ein Geschenk, das ich bekomme. Oder wenn ich den Wind auf meiner Haut sp\u00fcre und mich lebendig f\u00fchle, wenn ich im Fitnessstudio ins Schwitzen komme, meinen K\u00f6rper sp\u00fcre und mich danach im Dampfbad entspanne. Gl\u00fcck ist auch alles, was mit Freiheit zu tun hat \u2013 Bewegungsfreiheit, Entscheidungsfreiheit, Meinungsfreiheit.<\/p>\n<p><span style=\"color: #ff0000;\">PERSONALAKTE<\/span><\/p>\n<p><strong>Nadja Maleh<\/strong><br \/>\nGeboren: 9. Juni 1972<br \/>\nSternzeichen: Zwilling<\/p>\n<\/div><div class=\"fusion-image-carousel fusion-image-carousel-auto fusion-carousel-border\"><div class=\"fusion-carousel\" data-autoplay=\"no\" data-columns=\"5\" data-itemmargin=\"13\" data-itemwidth=\"180\" data-touchscroll=\"no\" data-imagesize=\"auto\"><div class=\"fusion-carousel-positioner\"><ul class=\"fusion-carousel-holder\"><li class=\"fusion-carousel-item\"><div class=\"fusion-carousel-item-wrapper\"><div class=\"fusion-image-wrapper hover-type-none\"><img loading=\"lazy\" decoding=\"async\" width=\"560\" height=\"700\" src=\"https:\/\/i0.wp.com\/www.city-magazin.at\/wp-content\/uploads\/2019\/05\/2019-05-Nadja-Maleh-02.png?fit=560%2C700&amp;ssl=1\" class=\"attachment-full size-full\" alt=\"\" srcset=\"https:\/\/i0.wp.com\/www.city-magazin.at\/wp-content\/uploads\/2019\/05\/2019-05-Nadja-Maleh-02.png?resize=200%2C250&amp;ssl=1 200w, https:\/\/i0.wp.com\/www.city-magazin.at\/wp-content\/uploads\/2019\/05\/2019-05-Nadja-Maleh-02.png?resize=240%2C300&amp;ssl=1 240w, https:\/\/i0.wp.com\/www.city-magazin.at\/wp-content\/uploads\/2019\/05\/2019-05-Nadja-Maleh-02.png?resize=400%2C500&amp;ssl=1 400w, https:\/\/i0.wp.com\/www.city-magazin.at\/wp-content\/uploads\/2019\/05\/2019-05-Nadja-Maleh-02.png?fit=560%2C700&amp;ssl=1 560w\" sizes=\"auto, (max-width: 560px) 100vw, 560px\" \/><\/div><\/div><\/li><li class=\"fusion-carousel-item\"><div class=\"fusion-carousel-item-wrapper\"><div class=\"fusion-image-wrapper hover-type-none\"><img loading=\"lazy\" decoding=\"async\" width=\"875\" height=\"700\" src=\"https:\/\/i0.wp.com\/www.city-magazin.at\/wp-content\/uploads\/2019\/05\/2019-05-Nadja-Maleh-03.png?fit=875%2C700&amp;ssl=1\" class=\"attachment-full size-full\" alt=\"\" srcset=\"https:\/\/i0.wp.com\/www.city-magazin.at\/wp-content\/uploads\/2019\/05\/2019-05-Nadja-Maleh-03.png?resize=177%2C142&amp;ssl=1 177w, https:\/\/i0.wp.com\/www.city-magazin.at\/wp-content\/uploads\/2019\/05\/2019-05-Nadja-Maleh-03.png?resize=200%2C160&amp;ssl=1 200w, https:\/\/i0.wp.com\/www.city-magazin.at\/wp-content\/uploads\/2019\/05\/2019-05-Nadja-Maleh-03.png?resize=300%2C240&amp;ssl=1 300w, https:\/\/i0.wp.com\/www.city-magazin.at\/wp-content\/uploads\/2019\/05\/2019-05-Nadja-Maleh-03.png?resize=400%2C320&amp;ssl=1 400w, https:\/\/i0.wp.com\/www.city-magazin.at\/wp-content\/uploads\/2019\/05\/2019-05-Nadja-Maleh-03.png?resize=600%2C480&amp;ssl=1 600w, https:\/\/i0.wp.com\/www.city-magazin.at\/wp-content\/uploads\/2019\/05\/2019-05-Nadja-Maleh-03.png?resize=768%2C614&amp;ssl=1 768w, https:\/\/i0.wp.com\/www.city-magazin.at\/wp-content\/uploads\/2019\/05\/2019-05-Nadja-Maleh-03.png?resize=800%2C640&amp;ssl=1 800w, https:\/\/i0.wp.com\/www.city-magazin.at\/wp-content\/uploads\/2019\/05\/2019-05-Nadja-Maleh-03.png?fit=875%2C700&amp;ssl=1 875w\" sizes=\"auto, (max-width: 875px) 100vw, 875px\" \/><\/div><\/div><\/li><\/ul><div class=\"fusion-carousel-nav\"><span class=\"fusion-nav-prev\"><\/span><span class=\"fusion-nav-next\"><\/span><\/div><\/div><\/div><\/div><div class=\"fusion-text\"><p style=\"text-align: center;\">Fotos: \u00a9 Redaktion Jeff Mangione, Markus van der Man<\/p>\n<\/div><div class=\"fusion-clearfix\"><\/div>\n\n\t\t\t\t\t<\/div>\n\t\t\t\t<\/div><\/div><\/div>\n","protected":false},"excerpt":{"rendered":"<p>Gutes Kabarett zu machen ist eine hohe Kunst. Eine, die dieses Metier perfekt beherrscht, ist Nadja Maleh. City!-Redakteurin Hilde Weber\u00a0 traf die sympathische K\u00fcnstlerin zum exklusiven City!-Talk.<\/p>\n","protected":false},"author":2,"featured_media":3676,"comment_status":"closed","ping_status":"closed","sticky":false,"template":"","format":"standard","meta":{"jetpack_post_was_ever_published":false,"_jetpack_newsletter_access":"","_jetpack_dont_email_post_to_subs":false,"_jetpack_newsletter_tier_id":0,"_jetpack_memberships_contains_paywalled_content":false,"_jetpack_memberships_contains_paid_content":false,"footnotes":"","jetpack_publicize_message":"","jetpack_publicize_feature_enabled":true,"jetpack_social_post_already_shared":false,"jetpack_social_options":{"image_generator_settings":{"template":"highway","default_image_id":0,"font":"","enabled":false},"version":2}},"categories":[27,16],"tags":[],"class_list":["post-3673","post","type-post","status-publish","format-standard","has-post-thumbnail","hentry","category-archiv","category-leute"],"jetpack_publicize_connections":[],"jetpack_featured_media_url":"https:\/\/i0.wp.com\/www.city-magazin.at\/wp-content\/uploads\/2019\/05\/2019-05-Nadja-Maleh-01.png?fit=1000%2C800&ssl=1","jetpack_shortlink":"https:\/\/wp.me\/p7QK0n-Xf","jetpack_sharing_enabled":true,"_links":{"self":[{"href":"https:\/\/www.city-magazin.at\/index.php\/wp-json\/wp\/v2\/posts\/3673","targetHints":{"allow":["GET"]}}],"collection":[{"href":"https:\/\/www.city-magazin.at\/index.php\/wp-json\/wp\/v2\/posts"}],"about":[{"href":"https:\/\/www.city-magazin.at\/index.php\/wp-json\/wp\/v2\/types\/post"}],"author":[{"embeddable":true,"href":"https:\/\/www.city-magazin.at\/index.php\/wp-json\/wp\/v2\/users\/2"}],"replies":[{"embeddable":true,"href":"https:\/\/www.city-magazin.at\/index.php\/wp-json\/wp\/v2\/comments?post=3673"}],"version-history":[{"count":2,"href":"https:\/\/www.city-magazin.at\/index.php\/wp-json\/wp\/v2\/posts\/3673\/revisions"}],"predecessor-version":[{"id":3678,"href":"https:\/\/www.city-magazin.at\/index.php\/wp-json\/wp\/v2\/posts\/3673\/revisions\/3678"}],"wp:featuredmedia":[{"embeddable":true,"href":"https:\/\/www.city-magazin.at\/index.php\/wp-json\/wp\/v2\/media\/3676"}],"wp:attachment":[{"href":"https:\/\/www.city-magazin.at\/index.php\/wp-json\/wp\/v2\/media?parent=3673"}],"wp:term":[{"taxonomy":"category","embeddable":true,"href":"https:\/\/www.city-magazin.at\/index.php\/wp-json\/wp\/v2\/categories?post=3673"},{"taxonomy":"post_tag","embeddable":true,"href":"https:\/\/www.city-magazin.at\/index.php\/wp-json\/wp\/v2\/tags?post=3673"}],"curies":[{"name":"wp","href":"https:\/\/api.w.org\/{rel}","templated":true}]}}