{"id":3788,"date":"2019-07-01T23:20:19","date_gmt":"2019-07-01T21:20:19","guid":{"rendered":"http:\/\/www.city-magazin.at\/?p=3788"},"modified":"2023-11-06T17:52:02","modified_gmt":"2023-11-06T16:52:02","slug":"klimaschutz","status":"publish","type":"post","link":"https:\/\/www.city-magazin.at\/index.php\/klimaschutz\/","title":{"rendered":"Klimaschutz"},"content":{"rendered":"<div class=\"fusion-fullwidth fullwidth-box nonhundred-percent-fullwidth non-hundred-percent-height-scrolling\"  style='background-color: rgba(255,255,255,0);background-position: center center;background-repeat: no-repeat;padding-top:20px;padding-right:0px;padding-bottom:20px;padding-left:0px;'><div class=\"fusion-builder-row fusion-row \"><div  class=\"fusion-layout-column fusion_builder_column fusion_builder_column_1_1  fusion-one-full fusion-column-first fusion-column-last 1_1\"  style='margin-top:0px;margin-bottom:20px;'>\n\t\t\t\t\t<div class=\"fusion-column-wrapper\" style=\"padding: 0px 0px 0px 0px;background-position:left top;background-repeat:no-repeat;-webkit-background-size:cover;-moz-background-size:cover;-o-background-size:cover;background-size:cover;\"  data-bg-url=\"\">\n\t\t\t\t\t\t<div class=\"fusion-title title fusion-sep-none fusion-title-size-one\" style=\"margin-top:0px;margin-bottom:31px;\"><h1 class=\"title-heading-left\"><h1>WIR sind <span style=\"color: #e20714;\">Klima-Vorreiter.<\/span><\/h1><\/h1><\/div><div class=\"fusion-title title fusion-sep-none fusion-title-size-one\" style=\"margin-top:0px;margin-bottom:31px;\"><h1 class=\"title-heading-left\"><h4>Bekenntnis des Landes O\u00d6. zu mehr Klimaschutz und Nachhaltigkeit.<\/h4><\/h1><\/div><div class=\"fusion-text\"><p>Das Engagement f\u00fcr Klimaschutz und Nachhaltigkeit geh\u00f6rt zu den brennendsten Themen unserer Zeit, betont Landeshauptmann Thomas Stelzer.<!--more--><\/p>\n<p>Dass in Ober\u00f6sterreich der Klima- und Umweltschutz ernst genommen wird, zeigt die k\u00fcrzlich stattgefundene Unterzeichnung des internationalen Abkommens \u201eUnder2MoU\u201c (Under 2 Memorandum of Understanding). Dabei handelt es sich um ein Abkommen mit dem Ziel, die Erderw\u00e4rmung auf weniger als 2\u00b0 C zu begrenzen. \u201eMit dem Beitritt zu diesem internationalen Klimaschutzabkommen st\u00e4rken wir unsere Aktivit\u00e4ten im Kampf gegen den Klimawandel und f\u00fcr eine nachhaltige Politik. Wir wollen, dass auch unsere Kinder und Kindes-Kinder die besten Lebens- und Umweltbedingungen mit allen M\u00f6glichkeiten und Chancen vorfinden\u201c, sagt Stelzer. Die Unterzeichnung des Klimaschutzabkommens sei auch ein deutliches Signal an die jungen Menschen, die sich dieser Tage so engagiert f\u00fcr den Klimaschutz einsetzen w\u00fcrden. \u201eJa, wir h\u00f6ren und verstehen euch. Und ja, wir nehmen die Herausforderungen des Klimawandels absolut nicht auf die leichte Schulter\u201c, so Stelzer.<\/p>\n<p><strong>O\u00d6 setzt Ma\u00dfnahmen.<\/strong> Um die Erderw\u00e4rmung sp\u00fcrbar zu bremsen, setzt Ober\u00f6sterreich schon jetzt engagierte Ma\u00dfnahmen. In Sachen Strom-<br \/>\nerzeugung setzt man mit einer eigenen Energiestrategie auf Nachhaltigkeit. Ein klarer Anti-Atom-Kurs mit dem Ziel, den o\u00f6. Weg der erneuerbaren Energietr\u00e4ger weiter zu forcieren, wird partei\u00fcbergreifend vorangetrieben. Der im Landtag beschlossene Ausstieg aus \u00d6l f\u00fcr Heizungen soll zur CO2-Reduktion beitragen ebenso wie nachhaltige Baustoffe und Bauweisen im Geb\u00e4udesektor, die in O\u00d6 gro\u00dfgeschrieben werden. Und auch die Initiative f\u00fcr ein EU-weites Repair-Siegel f\u00fcr\u00a0Elektroger\u00e4te des O\u00d6. Landtages spiegelt das klare Bekenntnis wider, dass Klima- und Umweltschutz in O\u00d6 ernst genommen werden. Und wer wei\u00df, vielleicht animiert das ja Nachahmer in der Republik.<\/p>\n<\/div><div class=\"fusion-image-carousel fusion-image-carousel-auto fusion-carousel-border\"><div class=\"fusion-carousel\" data-autoplay=\"no\" data-columns=\"5\" data-itemmargin=\"13\" data-itemwidth=\"180\" data-touchscroll=\"no\" data-imagesize=\"auto\"><div class=\"fusion-carousel-positioner\"><ul class=\"fusion-carousel-holder\"><li class=\"fusion-carousel-item\"><div class=\"fusion-carousel-item-wrapper\"><div class=\"fusion-image-wrapper hover-type-none\"><img loading=\"lazy\" decoding=\"async\" width=\"525\" height=\"700\" src=\"https:\/\/i0.wp.com\/www.city-magazin.at\/wp-content\/uploads\/2019\/06\/2019-07-Klima-02-LH.png?fit=525%2C700&amp;ssl=1\" class=\"attachment-full size-full\" alt=\"Landeshauptmann Thomas Stelzer\" srcset=\"https:\/\/i0.wp.com\/www.city-magazin.at\/wp-content\/uploads\/2019\/06\/2019-07-Klima-02-LH.png?resize=200%2C267&amp;ssl=1 200w, https:\/\/i0.wp.com\/www.city-magazin.at\/wp-content\/uploads\/2019\/06\/2019-07-Klima-02-LH.png?resize=225%2C300&amp;ssl=1 225w, https:\/\/i0.wp.com\/www.city-magazin.at\/wp-content\/uploads\/2019\/06\/2019-07-Klima-02-LH.png?resize=400%2C533&amp;ssl=1 400w, https:\/\/i0.wp.com\/www.city-magazin.at\/wp-content\/uploads\/2019\/06\/2019-07-Klima-02-LH.png?fit=525%2C700&amp;ssl=1 525w\" sizes=\"auto, (max-width: 525px) 100vw, 525px\" \/><\/div><\/div><\/li><li class=\"fusion-carousel-item\"><div class=\"fusion-carousel-item-wrapper\"><div class=\"fusion-image-wrapper hover-type-none\"><img loading=\"lazy\" decoding=\"async\" width=\"525\" height=\"700\" src=\"https:\/\/i0.wp.com\/www.city-magazin.at\/wp-content\/uploads\/2019\/06\/2019-07-Klima-03-LH.png?fit=525%2C700&amp;ssl=1\" class=\"attachment-full size-full\" alt=\"Landeshauptmann Thomas Stelzer\" srcset=\"https:\/\/i0.wp.com\/www.city-magazin.at\/wp-content\/uploads\/2019\/06\/2019-07-Klima-03-LH.png?resize=200%2C267&amp;ssl=1 200w, https:\/\/i0.wp.com\/www.city-magazin.at\/wp-content\/uploads\/2019\/06\/2019-07-Klima-03-LH.png?resize=225%2C300&amp;ssl=1 225w, https:\/\/i0.wp.com\/www.city-magazin.at\/wp-content\/uploads\/2019\/06\/2019-07-Klima-03-LH.png?resize=400%2C533&amp;ssl=1 400w, https:\/\/i0.wp.com\/www.city-magazin.at\/wp-content\/uploads\/2019\/06\/2019-07-Klima-03-LH.png?fit=525%2C700&amp;ssl=1 525w\" sizes=\"auto, (max-width: 525px) 100vw, 525px\" \/><\/div><\/div><\/li><\/ul><div class=\"fusion-carousel-nav\"><span class=\"fusion-nav-prev\"><\/span><span class=\"fusion-nav-next\"><\/span><\/div><\/div><\/div><\/div><div class=\"fusion-text\"><p style=\"text-align: center;\">Fotos: \u00a9 AdobeStock, Haslinger<\/p>\n<\/div><div class=\"fusion-clearfix\"><\/div>\n\n\t\t\t\t\t<\/div>\n\t\t\t\t<\/div><\/div><\/div>\n","protected":false},"excerpt":{"rendered":"<p>Das Engagement f\u00fcr Klimaschutz und Nachhaltigkeit geh\u00f6rt zu den brennendsten Themen unserer Zeit, betont Landeshauptmann Thomas Stelzer.<\/p>\n","protected":false},"author":2,"featured_media":3791,"comment_status":"closed","ping_status":"closed","sticky":false,"template":"","format":"standard","meta":{"jetpack_post_was_ever_published":false,"_jetpack_newsletter_access":"","_jetpack_dont_email_post_to_subs":false,"_jetpack_newsletter_tier_id":0,"_jetpack_memberships_contains_paywalled_content":false,"_jetpack_memberships_contains_paid_content":false,"footnotes":"","jetpack_publicize_message":"","jetpack_publicize_feature_enabled":true,"jetpack_social_post_already_shared":false,"jetpack_social_options":{"image_generator_settings":{"template":"highway","default_image_id":0,"font":"","enabled":false},"version":2}},"categories":[1,27],"tags":[],"class_list":["post-3788","post","type-post","status-publish","format-standard","has-post-thumbnail","hentry","category-allgemein","category-archiv"],"jetpack_publicize_connections":[],"jetpack_featured_media_url":"https:\/\/i0.wp.com\/www.city-magazin.at\/wp-content\/uploads\/2019\/06\/2019-07-Klima-01.png?fit=1000%2C750&ssl=1","jetpack_shortlink":"https:\/\/wp.me\/p7QK0n-Z6","jetpack_sharing_enabled":true,"_links":{"self":[{"href":"https:\/\/www.city-magazin.at\/index.php\/wp-json\/wp\/v2\/posts\/3788","targetHints":{"allow":["GET"]}}],"collection":[{"href":"https:\/\/www.city-magazin.at\/index.php\/wp-json\/wp\/v2\/posts"}],"about":[{"href":"https:\/\/www.city-magazin.at\/index.php\/wp-json\/wp\/v2\/types\/post"}],"author":[{"embeddable":true,"href":"https:\/\/www.city-magazin.at\/index.php\/wp-json\/wp\/v2\/users\/2"}],"replies":[{"embeddable":true,"href":"https:\/\/www.city-magazin.at\/index.php\/wp-json\/wp\/v2\/comments?post=3788"}],"version-history":[{"count":2,"href":"https:\/\/www.city-magazin.at\/index.php\/wp-json\/wp\/v2\/posts\/3788\/revisions"}],"predecessor-version":[{"id":3793,"href":"https:\/\/www.city-magazin.at\/index.php\/wp-json\/wp\/v2\/posts\/3788\/revisions\/3793"}],"wp:featuredmedia":[{"embeddable":true,"href":"https:\/\/www.city-magazin.at\/index.php\/wp-json\/wp\/v2\/media\/3791"}],"wp:attachment":[{"href":"https:\/\/www.city-magazin.at\/index.php\/wp-json\/wp\/v2\/media?parent=3788"}],"wp:term":[{"taxonomy":"category","embeddable":true,"href":"https:\/\/www.city-magazin.at\/index.php\/wp-json\/wp\/v2\/categories?post=3788"},{"taxonomy":"post_tag","embeddable":true,"href":"https:\/\/www.city-magazin.at\/index.php\/wp-json\/wp\/v2\/tags?post=3788"}],"curies":[{"name":"wp","href":"https:\/\/api.w.org\/{rel}","templated":true}]}}