{"id":3832,"date":"2019-09-02T23:40:54","date_gmt":"2019-09-02T21:40:54","guid":{"rendered":"http:\/\/www.city-magazin.at\/?p=3832"},"modified":"2024-06-02T19:00:11","modified_gmt":"2024-06-02T17:00:11","slug":"interview-dietmar-kerschbaumer","status":"publish","type":"post","link":"https:\/\/www.city-magazin.at\/index.php\/interview-dietmar-kerschbaumer\/","title":{"rendered":"Interview Dietmar Kerschbaum"},"content":{"rendered":"<div class=\"fusion-fullwidth fullwidth-box nonhundred-percent-fullwidth non-hundred-percent-height-scrolling\"  style='background-color: rgba(255,255,255,0);background-position: center center;background-repeat: no-repeat;padding-top:20px;padding-right:0px;padding-bottom:20px;padding-left:0px;'><div class=\"fusion-builder-row fusion-row \"><div  class=\"fusion-layout-column fusion_builder_column fusion_builder_column_1_1  fusion-one-full fusion-column-first fusion-column-last 1_1\"  style='margin-top:0px;margin-bottom:20px;'>\n\t\t\t\t\t<div class=\"fusion-column-wrapper\" style=\"padding: 0px 0px 0px 0px;background-position:left top;background-repeat:no-repeat;-webkit-background-size:cover;-moz-background-size:cover;-o-background-size:cover;background-size:cover;\"  data-bg-url=\"\">\n\t\t\t\t\t\t<div class=\"fusion-title title fusion-sep-none fusion-title-size-one\" style=\"margin-top:0px;margin-bottom:31px;\"><h1 class=\"title-heading-left\"><h1><span style=\"color: #e20714;\">Musik <\/span>ist mein Leben.<\/h1><\/h1><\/div><div class=\"fusion-title title fusion-sep-none fusion-title-size-one\" style=\"margin-top:0px;margin-bottom:31px;\"><h1 class=\"title-heading-left\"><h4>DIETMAR KERSCHBAUM \u00fcber Bruckner, Heimat und W\u00fcnsche f\u00fcr die Zukunft<\/h4><\/h1><\/div><div class=\"fusion-text\"><div class=\"\"><span class=\"\">S<\/span><span class=\"\">eit Dezember 2017 ist Dietmar Kerschbaum Intendant und K\u00fcnstlerischer Leiter des Brucknerhauses Linz. Mit <\/span><span class=\"\"><i class=\"\">City!<\/i><\/span><span class=\"\">-Redakteurin Hilde Weber plauderte er nicht nur \u00fcber seine Visionen f\u00fcr das Konzerthaus an der Donau, sondern verriet auch allerhand Pers\u00f6nliches.<\/span><!--more--><\/div>\n<div class=\"\"><span class=\"\"><b class=\"\"><i class=\"\">CITY!:<\/i><\/b><\/span><span class=\"\"><b class=\"\"><i class=\"\"> Am 4. September beginnt das Brucknerfest unter dem Motto \u201eNeue Welten\u201c. Was sind aus Ihrer Sicht die Highlights?<\/i><\/b><\/span><\/div>\n<div class=\"\"><span class=\"\"><b class=\"\">Kerschbaum:<\/b> Wir d\u00fcrfen uns auf einen dichten und fulminanten Konzertreigen mit international gefeierten Stars freuen. Namhafte Dirigenten und Orchester widmen sich dem sinfonischen Werk Anton Bruckners. U.a. werden Valerij Gergiev und die M\u00fcnchner Philharmoniker ihren umjubelten Bruckner-Zyklus zum Abschluss bringen; weiters gastiert Philippe Herreweghe, einer der wichtigsten Protagonisten der historischen Auff\u00fchrungspraxis, mit seinem Orchestre des Champs-\u00c9lys\u00e9es in Linz. Pers\u00f6nliche H\u00f6hepunkte sind f\u00fcr mich der Liederabend des gefeierten Tenors Piotr Becza\u0142a, dessen Karriere ja vor 20 Jahren in Linz begann, und das Konzert von Sir Andras Schiff, einem der f\u00fchrenden Pianisten unserer Zeit, der ein Klavierrezital mit Werken von Schumann und Beethoven gibt.\u00a0<\/span><\/div>\n<div class=\"\"><span class=\"\"><b class=\"\"><i class=\"\">Am 7. September folgt die Visualisierte Klangwolke. Dabei geht es hoch hinaus &#8230;<\/i><\/b><\/span><\/div>\n<div class=\"\"><span class=\"\">Ja, denn unter dem Titel \u201eSolar\u201c thematisiert sie die Beziehung der Menschheit zur Sonne. Inszeniert wird diese Klangwolke von David Pountney, einem Meister spektakul\u00e4rer szenischer Effekte, die er virtuos als Ausdrucksmittel einzusetzen versteht. F\u00fcr die Klangwolke 2019 greift er auf seine reiche Erfahrung mit Open-Air-Inszenierungen zur\u00fcck, mit denen er auch schon auf der Seeb\u00fchne in Bregenz Ma\u00dfst\u00e4be gesetzt hat. Wir d\u00fcrfen uns auf ein Gesamtkunstwerk freuen. Die Visualisierte Klangwolke feiert heuer \u00fcbrigens ihr 40-j\u00e4hriges Bestehen!<\/span><\/div>\n<div class=\"\"><span class=\"\"><b class=\"\"><i class=\"\">Welche Pl\u00e4ne haben Sie f\u00fcr die Zeit nach dem Brucknerfest?<\/i><\/b><\/span><\/div>\n<div class=\"\"><span class=\"\">Neben den gro\u00dfen Namen, die wir wieder nach Linz holen werden \u2013 unter anderem Franz Welser-M\u00f6st und das Cleveland Orchestra, die Staatskapelle Dresden, Gidon Kremer, das Emerson String Quartet, die Stargeigerin Isabelle Faust, Camilla Nylund, Rudolf Buchbinder oder Dianne Reeves \u2013 konzentrieren wir uns erneut auf Formate f\u00fcr das junge Publikum. Mit der Reihe \u201eComedy.Music\u201c holen wir den Humor ins Brucknerhaus, der allseits beliebte Jazzbrunch wandert ins hauseigene Restaurant Bruckner\u2018s. Ich denke, in unserem breit gef\u00e4cherten Programm 2019\/20 ist wirklich f\u00fcr jedermann und jedefrau etwas dabei.\u00a0<\/span><\/div>\n<div class=\"\"><span class=\"\"><b class=\"\"><i class=\"\">Das Saisonprogramm 2019\/20 im Brucknerhaus steht unter dem Motto \u201eHeimat\u201c. Was bedeutet Heimat f\u00fcr Sie?<\/i><\/b><\/span><\/div>\n<div class=\"\"><span class=\"\">Als Operns\u00e4nger bin ich viele Jahre weltweit viel unterwegs gewesen. Ein spannendes Leben, das viele sch\u00f6ne Erinnerungen hinterl\u00e4sst. Vielleicht sp\u00fcre ich gerade deswegen besonders deutlich: Heimat ist f\u00fcr mich ein Gef\u00fchl des Nachhause-Kommens. Ich bin mit dem S\u00fcdburgenland eng verbunden, wo ich aufgewachsen bin, und wo ich mit meiner Familie lebe. Aber auch Linz ist mir eine liebe, zweite Heimat geworden.\u00a0<\/span><\/div>\n<div class=\"\"><span class=\"\"><b class=\"\"><i class=\"\">Sie sind Intendant und K\u00fcnstlerischer Leiter des Brucknerhauses. Warum haben Sie sich gerade f\u00fcr Linz entschieden?<\/i><\/b><\/span><\/div>\n<div class=\"\"><span class=\"\">Das Brucknerhaus ist ein fantastischer Ort. Ich liebe die zeitlose Architektur, die tolle Lage an der Donau. Es ist f\u00fcr mich eine einzigartige Wirkungsst\u00e4tte, die es mir erlaubt, f\u00fcr unsere Stadt ein musikalisches Programm zu gestalten, mit dem wir die Menschen bewegen. Pers\u00f6nlich sind mir die Stadt und ihre Menschen sehr vertraut geworden. Ich bin in Linz angekommen, ich bin hier gl\u00fccklich und bin stolz, dass ich hier kulturell meinen Beitrag leisten kann.<\/span><\/div>\n<div class=\"\"><span class=\"\"><b class=\"\"><i class=\"\">Gibt\u2019s ein Lieblingsplatzerl?<\/i><\/b><\/span><\/div>\n<div class=\"\"><span class=\"\">Nat\u00fcrlich ist das Brucknerhaus mein absolutes Lieblingsplatzerl. Es ist das pulsierende, musikalische Zentrum f\u00fcr mich und f\u00fcr viele Linzer. Hier verbinden sich auch viele Qualit\u00e4ten der Stadt, die ich besonders sch\u00e4tze: die herrliche Natur, die uns umgibt, mit ihren fabelhaften Aussichten auf die Donau und den P\u00f6stlingberg bis ins M\u00fchlviertel hinein. Gleichzeitig bietet die Stadt ein vielf\u00e4ltiges Angebot in allen Lebensbereichen, die Menschen sind herzlich, offen und haben Handschlagqualit\u00e4t. Das sch\u00e4tze ich.<\/span><\/div>\n<div class=\"\"><span class=\"\"><b class=\"\"><i class=\"\">Wollten Sie jemals einen anderen Beruf abseits der Musik ergreifen?\u00a0<\/i><\/b><\/span><\/div>\n<div class=\"\"><span class=\"\">Ich hatte schon immer den Drang, etwas mit Musik zu tun, weil mich Musik von Kind an bis ins Innerste ber\u00fchrt hat. Mit Musik habe ich mich selbst in schwierigen Situationen wohl gef\u00fchlt \u2013 ganz egal, ob ich aktiv selbst gesungen oder passiv nur zugeh\u00f6rt habe. Mir war sehr fr\u00fch klar, dass ich mit und durch Musik anderen Menschen vermitteln m\u00f6chte, sich zu ver\u00e4ndern, sich besser zu f\u00fchlen, ein St\u00fcckchen Gl\u00fcckseligkeit zu empfinden. Insofern war mein Berufsweg vorgezeichnet \u2013 mit Musik verbindet mich alles.<\/span><\/div>\n<div class=\"\"><span class=\"\"><b class=\"\"><i class=\"\">Ein anderer Beruf stand nie zur Debatte?<\/i><\/b><\/span><\/div>\n<div class=\"\"><span class=\"\">Ich war immer auch gut im Organisieren und es hat mich schon gereizt, in diesem Bereich t\u00e4tig zu sein. Insofern war es ein Gl\u00fccksfall, dass ich Schloss Tabor im Burgenland entdeckt habe und dann in meiner Heimat \u2013 einer Region, die damals kulturell ziemlich ausgehungert war \u2013 das Festival jOPERA gegr\u00fcndet habe. 2002 haben wir mit einem kleinen Konzert begonnen und ich habe dort so ziemlich alles gemacht, Sessel aufgestellt, Programme geschrieben und grafisch umgesetzt. Dass das Festival heute ein Publikumsmagnet weit \u00fcber die Region hinaus ist, erf\u00fcllt mich mit Stolz und gro\u00dfer Freude.<\/span><\/div>\n<div class=\"\"><span class=\"\"><b class=\"\"><i class=\"\">Der Geburtstag Anton Bruckners j\u00e4hrt sich 2024 zum 200. Mal. Gibt es daf\u00fcr schon Pl\u00e4ne?<\/i><\/b><\/span><\/div>\n<div class=\"\"><span class=\"\">Es ist eine gro\u00dfe Herausforderung und wir sind schon voll in der Planung. Wir wollen eine \u201eMarke Bruckner\u201c schaffen, mit der wir das Brucknerhaus auch international positionieren k\u00f6nnen. Die gro\u00dfen kulturaffinen M\u00e4rkte liegen in Asien \u2013 in Korea, in China, in Japan \u2013 dort wird die westliche Kultur sehr gesch\u00e4tzt. Mein Ziel ist es, das Brucknerfest dort zu etablieren. Wir tragen den Namen Bruckner in die Welt hinaus, um zu zeigen, wie stark dieses Land, wie stark diese Stadt ist und wie die Musik Bruckners die Welt ber\u00fchren kann.\u00a0<\/span><\/div>\n<div class=\"\"><span class=\"\"><b class=\"\"><i class=\"\">Was w\u00fcnschen Sie sich f\u00fcr die Zukunft?<\/i><\/b><\/span><\/div>\n<div class=\"\"><span class=\"\">In diesen politisch etwas unruhigen Zeiten w\u00fcrde ich mir w\u00fcnschen, dass sich die Menschen zusammensetzen und aus der Vergangenheit lernen. Wir m\u00fcssen mit Respekt miteinander umgehen und d\u00fcrfen negative Entwicklungen nicht leichtsinnig hinnehmen, geschweige denn unterst\u00fctzen. Am Musiksektor w\u00fcnsche ich mir, dass die Stadt Linz und das Land Ober\u00f6sterreich einen gemeinsamen Weg gehen. Das Musiktheater und das Brucknerhaus sind beide in der Musik verbunden. Und so, wie die Musik eine absolut internationale Sprache spricht, gibt es in der Musik auch keinen Neid. In der Einheit sind wir stark und mit mehr Zusammenhalt kann und wird es gelingen, dass Linz nicht nur ein f\u00fchrender Wirtschaftsstandort, sondern auch der kulturelle Standort Nummer eins ist.<\/span><\/div>\n<div class=\"\"><span class=\"\"><b class=\"\"><i class=\"\">Mit wem w\u00fcrden Sie gerne einmal einen Abend verbringen, und warum?<\/i><\/b><\/span><\/div>\n<div class=\"\"><span class=\"\">Mir ist grunds\u00e4tzlich jeder Mensch wichtig, mit dem ich in einen Dialog trete. Es gibt so viele tolle Menschen, die nicht im Rampenlicht stehen und von denen man unendlich viel lernen kann \u2013 egal ob das jetzt ein Universit\u00e4tsprofessor ist oder ein Bauarbeiter, ein Landwirt oder ein K\u00fcnstler. Jeder hat f\u00fcr mich eine Aussage, ich sch\u00e4tze alle Ansichten und ich lerne aus jeder Begegnung. R\u00fcckwirkend betrachtet gibt es jedoch ein Erlebnis, das mir unvergesslich ist. Ich hatte das ganz gro\u00dfe Gl\u00fcck, einmal Mutter Teresa kennenzulernen und das Gespr\u00e4ch mit ihr wirkt bis heute nach.<\/span><\/div>\n<div class=\"\"><span class=\"\"><b class=\"\"><i class=\"\">Was macht Sie gl\u00fccklich?<\/i><\/b><\/span><\/div>\n<div class=\"\"><span class=\"\">Wenn ich ins Publikum schaue und dort lachende Gesichter und leuchtende Augen sehe \u2013 egal ob hier im Brucknerhaus oder im Schloss Tabor. Es sind f\u00fcr mich gro\u00dfartige Momente, wenn ich sehe, dass ein Programm, das wir mit Herzblut und h\u00f6chstem Respekt der Musik gegen\u00fcber erarbeitet haben, die Menschen ber\u00fchrt.<\/span><\/div>\n<p><span style=\"color: #ff0000;\">PERS\u00d6NLICHES<\/span><\/p>\n<p><strong>Dietmar Kerschbaum<\/strong><br \/>\nwurde am 29. Juli 1970 in G\u00fcssing geboren, Sternzeichen<br \/>\nL\u00f6we. Er absolvierte ein Studium f\u00fcr Gesang an der<br \/>\nUniversit\u00e4t f\u00fcr Musik und darstellende Kunst Wien und<br \/>\ngleichzeitig ein Schauspielstudium. Seit 2002 ist er<br \/>\nGr\u00fcnder\/Intendant des Festivals jOPERA im<br \/>\nBurgenland, seit 2017 Intendant\/K\u00fcnstlerischer Leiter<br \/>\ndes Brucknerhauses Linz. Er ist verheiratet und Vater<br \/>\nvon 2 Kindern. Seit Beginn seiner Intendanz am<br \/>\nBrucknerhaus lebt er haupts\u00e4chlich in Linz,<br \/>\naber auch immer wieder bei seiner Familie im Burgenland.<\/p>\n<\/div><div class=\"fusion-image-carousel fusion-image-carousel-auto fusion-carousel-border\"><div class=\"fusion-carousel\" data-autoplay=\"no\" data-columns=\"5\" data-itemmargin=\"13\" data-itemwidth=\"180\" data-touchscroll=\"no\" data-imagesize=\"auto\"><div class=\"fusion-carousel-positioner\"><ul class=\"fusion-carousel-holder\"><li class=\"fusion-carousel-item\"><div class=\"fusion-carousel-item-wrapper\"><div class=\"fusion-image-wrapper hover-type-none\"><img loading=\"lazy\" decoding=\"async\" width=\"524\" height=\"700\" src=\"https:\/\/i0.wp.com\/www.city-magazin.at\/wp-content\/uploads\/2019\/09\/2019-09-Kerschbaum-02.png?fit=524%2C700&amp;ssl=1\" class=\"attachment-full size-full\" alt=\"\" srcset=\"https:\/\/i0.wp.com\/www.city-magazin.at\/wp-content\/uploads\/2019\/09\/2019-09-Kerschbaum-02.png?resize=200%2C267&amp;ssl=1 200w, https:\/\/i0.wp.com\/www.city-magazin.at\/wp-content\/uploads\/2019\/09\/2019-09-Kerschbaum-02.png?resize=225%2C300&amp;ssl=1 225w, https:\/\/i0.wp.com\/www.city-magazin.at\/wp-content\/uploads\/2019\/09\/2019-09-Kerschbaum-02.png?resize=400%2C534&amp;ssl=1 400w, https:\/\/i0.wp.com\/www.city-magazin.at\/wp-content\/uploads\/2019\/09\/2019-09-Kerschbaum-02.png?fit=524%2C700&amp;ssl=1 524w\" sizes=\"auto, (max-width: 524px) 100vw, 524px\" \/><\/div><\/div><\/li><\/ul><div class=\"fusion-carousel-nav\"><span class=\"fusion-nav-prev\"><\/span><span class=\"fusion-nav-next\"><\/span><\/div><\/div><\/div><\/div><div class=\"fusion-text\"><p style=\"text-align: center;\">Fotos: \u00a9 City!<\/p>\n<\/div><div class=\"fusion-clearfix\"><\/div>\n\n\t\t\t\t\t<\/div>\n\t\t\t\t<\/div><\/div><\/div>\n","protected":false},"excerpt":{"rendered":"<p>Seit Dezember 2017 ist Dietmar Kerschbaum Intendant und K\u00fcnstlerischer Leiter des Brucknerhauses Linz. Mit City!-Redakteurin Hilde Weber plauderte er nicht nur \u00fcber seine Visionen f\u00fcr das Konzerthaus an der Donau, sondern verriet auch allerhand Pers\u00f6nliches.<\/p>\n","protected":false},"author":2,"featured_media":3834,"comment_status":"closed","ping_status":"closed","sticky":false,"template":"","format":"standard","meta":{"jetpack_post_was_ever_published":false,"_jetpack_newsletter_access":"","_jetpack_dont_email_post_to_subs":false,"_jetpack_newsletter_tier_id":0,"_jetpack_memberships_contains_paywalled_content":false,"_jetpack_memberships_contains_paid_content":false,"footnotes":"","jetpack_publicize_message":"","jetpack_publicize_feature_enabled":true,"jetpack_social_post_already_shared":false,"jetpack_social_options":{"image_generator_settings":{"template":"highway","default_image_id":0,"font":"","enabled":false},"version":2}},"categories":[16],"tags":[],"class_list":["post-3832","post","type-post","status-publish","format-standard","has-post-thumbnail","hentry","category-leute"],"jetpack_publicize_connections":[],"jetpack_featured_media_url":"https:\/\/i0.wp.com\/www.city-magazin.at\/wp-content\/uploads\/2019\/09\/2019-09-Kerschbaum-01.png?fit=1000%2C749&ssl=1","jetpack_shortlink":"https:\/\/wp.me\/p7QK0n-ZO","jetpack_sharing_enabled":true,"_links":{"self":[{"href":"https:\/\/www.city-magazin.at\/index.php\/wp-json\/wp\/v2\/posts\/3832","targetHints":{"allow":["GET"]}}],"collection":[{"href":"https:\/\/www.city-magazin.at\/index.php\/wp-json\/wp\/v2\/posts"}],"about":[{"href":"https:\/\/www.city-magazin.at\/index.php\/wp-json\/wp\/v2\/types\/post"}],"author":[{"embeddable":true,"href":"https:\/\/www.city-magazin.at\/index.php\/wp-json\/wp\/v2\/users\/2"}],"replies":[{"embeddable":true,"href":"https:\/\/www.city-magazin.at\/index.php\/wp-json\/wp\/v2\/comments?post=3832"}],"version-history":[{"count":2,"href":"https:\/\/www.city-magazin.at\/index.php\/wp-json\/wp\/v2\/posts\/3832\/revisions"}],"predecessor-version":[{"id":4165,"href":"https:\/\/www.city-magazin.at\/index.php\/wp-json\/wp\/v2\/posts\/3832\/revisions\/4165"}],"wp:featuredmedia":[{"embeddable":true,"href":"https:\/\/www.city-magazin.at\/index.php\/wp-json\/wp\/v2\/media\/3834"}],"wp:attachment":[{"href":"https:\/\/www.city-magazin.at\/index.php\/wp-json\/wp\/v2\/media?parent=3832"}],"wp:term":[{"taxonomy":"category","embeddable":true,"href":"https:\/\/www.city-magazin.at\/index.php\/wp-json\/wp\/v2\/categories?post=3832"},{"taxonomy":"post_tag","embeddable":true,"href":"https:\/\/www.city-magazin.at\/index.php\/wp-json\/wp\/v2\/tags?post=3832"}],"curies":[{"name":"wp","href":"https:\/\/api.w.org\/{rel}","templated":true}]}}