{"id":3879,"date":"2019-09-02T23:23:51","date_gmt":"2019-09-02T21:23:51","guid":{"rendered":"http:\/\/www.city-magazin.at\/?p=3879"},"modified":"2020-06-01T22:06:40","modified_gmt":"2020-06-01T20:06:40","slug":"interview-andreas-rabl","status":"publish","type":"post","link":"https:\/\/www.city-magazin.at\/index.php\/interview-andreas-rabl\/","title":{"rendered":"Interview Andreas Rabl"},"content":{"rendered":"<div class=\"fusion-fullwidth fullwidth-box nonhundred-percent-fullwidth non-hundred-percent-height-scrolling\"  style='background-color: rgba(255,255,255,0);background-position: center center;background-repeat: no-repeat;padding-top:20px;padding-right:0px;padding-bottom:20px;padding-left:0px;'><div class=\"fusion-builder-row fusion-row \"><div  class=\"fusion-layout-column fusion_builder_column fusion_builder_column_1_1  fusion-one-full fusion-column-first fusion-column-last 1_1\"  style='margin-top:0px;margin-bottom:20px;'>\n\t\t\t\t\t<div class=\"fusion-column-wrapper\" style=\"padding: 0px 0px 0px 0px;background-position:left top;background-repeat:no-repeat;-webkit-background-size:cover;-moz-background-size:cover;-o-background-size:cover;background-size:cover;\"  data-bg-url=\"\">\n\t\t\t\t\t\t<div class=\"fusion-title title fusion-sep-none fusion-title-size-one\" style=\"margin-top:0px;margin-bottom:31px;\"><h1 class=\"title-heading-left\"><h1><span style=\"color: #e20714;\">NIE <\/span>\u00fcberheblich werden<\/h1><\/h1><\/div><div class=\"fusion-title title fusion-sep-none fusion-title-size-one\" style=\"margin-top:0px;margin-bottom:31px;\"><h1 class=\"title-heading-left\"><h4>FP-Bgm. Andreas Rabl regiert die Messestadt mit Demut und ruhiger Hand<\/h4><\/h1><\/div><div class=\"fusion-text\"><p>Im Interview zieht der Jurist und Welser B\u00fcrgermeister Bilanz, spricht \u00fcber seine Erwartungen bei der Nationalratswahl und gibt sich auch im WordRap lockerer denn je.<\/p>\n<p><!--more--><\/p>\n<p><strong><em>CITY!: Herr B\u00fcrgermeister, wo haben Sie heuer geurlaubt?<\/em><\/strong><\/p>\n<p><strong><em>Rabl:<\/em><\/strong> Der Urlaub hat mich nach Kroatien gef\u00fchrt \u2013 diesmal waren neben meiner Frau und den Kindern auch meine Geschwister, deren Kinder und meine Eltern dabei. Zusammen waren wir 30 Personen, davon 16 Kinder. Da war ordentlich was los.<\/p>\n<p><strong><em>Ein besonderes Highlight?<\/em><\/strong><\/p>\n<p>Das gemeinsame Tarockspiel am Abend mit mehreren Runden. Von den Kleinen bis zu den Senioren hat jeder mitgespielt.<\/p>\n<p><strong><em>Wie sehr hat sich Wels seit Ihrem Amtsantritt ver\u00e4ndert?<\/em><\/strong><\/p>\n<p>Bemerkbar ist eine Aufbruchstimmung in der Stadt. Wir haben es geschafft, dass die Welser wieder optimistischer sind. Die Leute sp\u00fcren und sehen, dass sich etwas ver\u00e4ndert. In der Innenstadt sind die Gesch\u00e4fte wieder voller, viele Pl\u00e4tze werden saniert und in den Stadtteilen haben wir Parkanlagen reaktiviert. \u00a0Besonderen Wert haben wir auf das Thema Sicherheit gelegt. So \u00fcbersiedelt etwa die Polizeiinspektion auf den Kaiser Josef Platz in gr\u00f6\u00dfere R\u00e4umlichkeiten, weshalb\u00a0 die Polizeistellen aufgestockt werden k\u00f6nnen. Auch das neue Amtsgeb\u00e4ude entsteht am Kaiser Josef Platz. Alles zusammen hat das Stimmungsbild in unserer Stadt positiv ver\u00e4ndert.<\/p>\n<p><strong><em>Trend E-Mobilit\u00e4t: Welche Erfordernisse kommen da auf die Messestadt zu?<\/em><\/strong><\/p>\n<p>Wir haben, was die E-Mobilit\u00e4t betrifft, jetzt schon ein breites Angebot. Das beginnt beispielsweise beim Carsharing, das es in Wels in Partnerschaft mit dem E-Werk Wels gibt. \u00a0Es k\u00f6nnen E-Scooter ausgeborgt werden und es gibt f\u00fcr alle E-Autos zahlreiche Ladestadtionen \u00fcber die ganze Stadt verteilt. Wir waren in diesem Bereich schon immer innovativ, weil eben die Elektrizit\u00e4tswerke der Stadt hier eine Vorreiterrolle f\u00fcr diese gr\u00fcne Mobilit\u00e4t \u00fcbernehmen wollten. Ich halte E-Mobilit\u00e4t auch gerade f\u00fcr den Radverkehr f\u00fcr die perfekte Zukunftsl\u00f6sung. Deshalb versuchen wir Wels als Radstadt zu positionieren \u2013 und das nicht nur im Rennrad-Bereich. Auch die Freizeit-Pedalritter sind uns sehr willkommen. Wels hat bekanntlich eine sehr flache Topographie, weshalb wirklich so gut wie jeder ohne gr\u00f6\u00dfere Anstrengung sein Ziel erreicht. In den Ausbau der Radwege und auch Radautobahnen investieren wir deshalb sehr viel.<\/p>\n<p><strong><em>E-Scooter Anbieter bereiten nicht aller B\u00fcrgern Freude. Besteht da Handlungsbedarf?<\/em><\/strong><\/p>\n<p>Die E-Scooter sind hier in Wels noch nicht in einer \u00fcberm\u00e4\u00dfigen Anzahl vorhanden. Deshalb ist auch nicht alles mit E-Scootern zugeparkt. Aber ja, es hat verschiedene Anlaufschwierigkeiten gegeben, die wir mittlerweile gemeinsam mit dem Betreiber \u00a0beseitigen konnten. Alles dar\u00fcber hinaus ist Angelegenheit der Betreiber und der jeweiligen Vertragspartner. Diese klassischen \u00c4rgernisse, wie etwa zu schnelles Fahren am Gehsteig oder in den Fu\u00dfg\u00e4ngerzonen, haben wir nicht, weil wir da gleich von Anfang an Grenzen aufgezeigt haben.<\/p>\n<p><strong><em>Das Konzert \u201eWe love the 90ths\u201c zog rund 14.000 Besucher an. Einige beschwerten sich \u00fcber zu wenige WCs. Am 7.9. kommen die \u201eB\u00f6hsen Onkelz\u201c auf die Trabrennbahn. Kann die Stadt dem Veranstalter mehr Vorgaben machen?<\/em><\/strong><\/p>\n<p>Das Konzert \u201eWe love the 90s\u201c war sicher ein Erfolgskonzert, was die musikalische Darbietung betrifft. Die Stimmung war unglaublich toll \u2013 ich war auch selber dort. Aber nat\u00fcrlich gibt es organisatorisch sicher noch Verbesserungsm\u00f6glichkeiten und \u00fcber die haben wir uns auch mit dem privaten Veranstalter unterhalten. Insbesondere nat\u00fcrlich auch deshalb, weil beim \u201eB\u00f6hse Onkelz\u201c Konzert noch viel mehr Zuschauer zu erwarten sind und die gleichen Fehler kein zweites Mal passieren sollten. Aber ich glaube, dass der Konzertveranstalter selbst h\u00f6chstes Interesse daran hat, dass die Veranstaltung reibungslos abl\u00e4uft. Wir als Stadt sind jedenfalls \u2013 gemeinsam mit Rettung, Polizei und Feuerwehr \u2013 f\u00fcr unseren Verantwortungsbereich gut ger\u00fcstet.<\/p>\n<p><strong><em>Ist die Messestadt k\u00fcnftig auch vermehrt Konzertstadt?<\/em><\/strong><\/p>\n<p>Wels war in den 90-igern schon eine Konzertstadt mit vielen und sehr gro\u00dfen Konzerten, sowohl in den Messehallen als auch unter freiem Himmel. \u00a0An diese Tradition wollen \u00a0wir wieder ankn\u00fcpfen. Denn jedes Konzert sorgt daf\u00fcr, dass zuvor auch viele Besucher in die City str\u00f6men, was wiederum die Innenstadtbetriebe naturgem\u00e4\u00df freut.<\/p>\n<p><strong><em>Was wollen Sie bis zum Ende der Regierungsperiode 2021 noch ver\u00e4ndern?<\/em><\/strong><\/p>\n<p>Ein Schwerpunkt ist nach wie vor die Kinderbetreuung. Wir haben immer noch nicht die 100 % Betreuungsplatzquote f\u00fcr Kindergarten- und Krabbelstubenkinder erreicht. Laut Arbeiterkammerstudie sind wir zwar schon jetzt sehr gut aufgestellt, trotzdem m\u00f6chte ich den Ausbau weiter vorantreiben. Ich m\u00f6chte es allen Frauen erm\u00f6glichen wieder in ihren Beruf zur\u00fcck zu kehren, ohne sich Gedanken \u00fcber die Betreuung ihrer Kinder machen zu m\u00fcssen.<\/p>\n<p><strong><em>Sie sind ja selbst auch noch ein Vater mit relativ kleinen Kindern. Hat dieses Vorhaben auch mit eigenen Erfahrungen zu tun? <\/em><\/strong><\/p>\n<p>Ja, das stimmt wohl. Meine zweij\u00e4hrige Tochter steht zwar gerade erst am Anfang dieser \u201eKinderbetreuungskarriere\u201c, aber man sieht bereits jetzt, welch organisatorischer Aufwand erforderlich ist, wenn beide Eltern Vollzeit arbeiten. Da muss man mitunter schon sehr kreativ sein! Wenn meine Frau dienstlich verhindert ist, hole ich meine Tochter vom Kindergarten ab, das alleine schon ist mitunter oft eine Herausforderung.<\/p>\n<p><strong><em>Weitere Schwerpunkte?<\/em><\/strong><\/p>\n<p>Der zweite gro\u00dfe Schwerpunkt ist sicher das Thema Sicherheit. In K\u00fcrze er\u00f6ffnet die Polizeischule \u00a0und die \u00a0Polizeiinspektion \u201eInnere Stadt\u201c \u00fcbersiedelt auf den Kaiser Josef Platz. \u00a0\u00a0\u00a0Das bringt uns auch zus\u00e4tzlich sechs Polizisten. Trotzdem gibt es noch Handlungsbedarf, vor allem im Bereich der Drogenkriminalit\u00e4t und der Raserei. Der dritte wichtige Aspekt ist\u2013 gerade in den Hitzemonaten leichter verst\u00e4ndlich \u2013 die Umsetzung eines Masterplans in Hinblick auf die Gr\u00fcn- und Parkanlagen. So wollen wir nicht nur 1.000 neue B\u00e4ume pflanzen, sondern auch Gr\u00fcnanlagen vermehrt reaktivieren, um so wahre Abk\u00fchloasen \u00a0zu schaffen. Das soll auch bei der Neugestaltung des Kaiser-Josef-Platzes ber\u00fccksichtigt werden. F\u00fcr die Zeit danach wollen wir uns der Welser Messe widmen und das Thema Integration weiter vorantreiben. Hier geht es in erster Linie darum Sprachdefizite zu vermindern, also die Deutschkenntnisse bei Menschen mit Migrationshintergrund deutlich zu verbessern.<\/p>\n<p><strong><em>Sie planen also schon eher langfristig?<\/em><\/strong><\/p>\n<p>Ich werde mich jedenfalls 2021 wieder als B\u00fcrgermeister bewerben und hoffe auf das Vertrauen der B\u00fcrger. Ich wei\u00df aber auch, dass es gerade in der Politik keine \u201egmahte Wiesn\u201c gibt, man immer am Boden bleiben muss und sich jede Art von Abgehobenheit oder gar \u00dcberheblichkeit sparen kann. Entscheiden wird der W\u00e4hler \u2013 und der hat bekanntlich immer recht. Ich kann nur mein Bestes geben. Aber eines ist gewiss: Ich bin mit vollem Einsatz, vollem Herzen und voller Begeisterung B\u00fcrgermeister dieser sch\u00f6nen Stadt. Und das w\u00fcrde ich auch gerne bleiben.<\/p>\n<p><strong><em>Am 29.9. findet die NR-Wahl statt. Welche Erwartungen haben Sie nach \u201eIbiza Gate\u201c?<\/em><\/strong><\/p>\n<p>Das Ibiza-Video war ein Skandal, der zwei Parteifunktion\u00e4re betroffen hat. Diese haben einen schweren Fehler gemacht und daraus die Konsequenzen gezogen. Die FP\u00d6 ist davon aber nicht betroffen und hat in der Regierung eine herausragende Arbeit geleistet. Darum sollte diese Koalition, meines Erachtens nach, auch fortgesetzt werden. Ich hoffe deshalb, dass wir von den W\u00e4hlern einen deutlichen Auftrag dazu bekommen. Die Alternative w\u00fcrde wohl eine Schwarz-Gr\u00fcne Koalition mit offenen Grenzen bedeuten. Das w\u00e4re f\u00fcr Land und Leute fatal.<\/p>\n<p><strong><em>Umfragen sagen ein Kopf an Kopf Rennen zwischen SP\u00d6 und FP\u00d6 um Platz 2 voraus. Ist das m\u00f6glich? <\/em><\/strong><\/p>\n<p>M\u00f6glich ist bei Wahlen alles.<\/p>\n<p><strong><em>Die FP\u00d6 kann nach der Wahl wieder koalieren oder sich zun\u00e4chst einmal in der Opposition konsolidieren &#8230;<\/em><\/strong><\/p>\n<p>Ich bin klar daf\u00fcr, dass wir in eine Koalition gehen: Also regieren! Sinn der Politik ist \u00a0es, die eigenen Vorstellungen umzusetzen. Das kann man naturgem\u00e4\u00df am besten in einer Regierung. T\u00fcrkis-Blau hat grunds\u00e4tzlich gut funktioniert. Aber \u2013 um ein bisschen frech zu sein \u2013 Blau-T\u00fcrkis w\u00e4re mir nat\u00fcrlich noch ein bisschen lieber (lacht augenzwinkernd). \u00dcbrigens, die denkbar schlimmste Koalitionsvariante w\u00e4re f\u00fcr mich Rot-Gr\u00fcn, weil diese selbstverst\u00e4ndlich auch eine v\u00f6llig andere Integrationspolitik zur Folge haben w\u00fcrde.<\/p>\n<p><strong><em>Stichwort Koalitionsbedingung \u2013 \u201eHerbert Kickl Innenminister\u201c?<\/em><\/strong><\/p>\n<p>Herbert Kickl war ein hervorragender Innenminister, der f\u00fcr eine strikte Integrations- und Sicherheitspolitik gestanden ist und daf\u00fcr auch von der \u00d6VP sehr oft gelobt wurde. Umso weniger habe ich verstanden, warum gerade er entlassen wurde bzw. man deshalb eine Koalition platzen hat lassen. Er lie\u00df sich nichts zu Schulden kommen. Und nachdem er den Job schon einmal gut gemacht hat und ein Garant f\u00fcr einen konsequenten Integrationskurs ist, gibt es meines Erachtens keinen Grund, ihm dieses Amt grunds\u00e4tzlich zu verwehren \u2013 zumal er ja auch schon eingearbeitet ist.<\/p>\n<p><strong><em>Als Bedingung habe ich das jetzt aber nicht verstanden?<\/em><\/strong><\/p>\n<p>Ich halte nichts davon, in Verhandlungen zu treten und gleich Bedingungen zu formulieren. Verhandeln bedeutet nat\u00fcrlich Kompromissbereitschaft und ab und an auch ein wechselseitiges Abgehen von Positionen. Aber eines ist fix: Wir stehen f\u00fcr einen strikte Sicherheits- und Asylpolitik, und die k\u00f6nnen wir nur umsetzten, wenn wir auch das Innenministerium f\u00fchren. Genauso wie die \u00d6VP vielleicht f\u00fcr eine besondere Wirtschaftspolitik eintritt und deswegen wohl auch das Wirtschaftsministerium wieder gerne besetzen w\u00fcrde.<\/p>\n<p><strong><em>Warum sollte man auf sein Stimmrecht keinesfalls verzichten? <\/em><\/strong><\/p>\n<p>Das Nichtw\u00e4hlen st\u00e4rkt ja immer die Parteien, die ihre W\u00e4hler am besten mobilisieren k\u00f6nnen. Wenn man also seine Stimme nicht abgibt, bedeutet das in Wirklichkeit, jemanden anderen zu st\u00e4rken, den man vielleicht gar nicht st\u00e4rken m\u00f6chte. Deshalb halte ich schon sehr viel davon, dass jeder seine Stimme abgibt, weil dann auch Entscheidungen mehr demokratische Legitimation haben. Umso mehr B\u00fcrger dahinter stehen, dass eine Partei die Kanzlerschaft \u00fcbernimmt, in eine Koalition oder nat\u00fcrlich auch in Opposition geht, desto mehr Legitimation hat diese Entscheidung, auch bei der Gesamtbev\u00f6lkerung. Darum bef\u00fcrworte ich immer eine hohe Wahlbeteiligung. Dass man so gut wie nie die 100 Prozent schaffen wird, liegt in der Natur der Sache \u2013 aber gerade in einer Zeit, in der man sich Wahlkarten ausstellen lassen kann und man hier auch maximale Flexibilit\u00e4t hat, gibt es kaum mehr einen Grund, nicht zur Wahl zu gehen.<\/p>\n<p><strong>Andreas Rabl<\/strong><\/p>\n<p><span style=\"color: #ff0000;\">PERSONALAKTE<br \/>\n<\/span>Geboren: Wels, 24.10.1972<br \/>\nSternzeichen: Skorpion<br \/>\nLiebesstatus: gl\u00fccklich verheiratet, 2 Kinder<\/p>\n<p><span style=\"color: #ff0000;\">Dieser Sommer war \u2026<\/span> hei\u00df und sch\u00f6n<br \/>\n<span style=\"color: #ff0000;\">Ibiza ist \u2026<\/span> eine Ferieninsel<br \/>\n<span style=\"color: #ff0000;\">Kickl oder Hofer \u2026<\/span> ist wie Schneewei\u00dfchen und Rosenrot, die geh\u00f6ren zusammen<br \/>\n<span style=\"color: #ff0000;\">Wels bedeutet f\u00fcr mich \u2026<\/span> Heimat<br \/>\n<span style=\"color: #ff0000;\">Wenn ich heute 10 Millionen gewonnen h\u00e4tte, dann w\u00fcrde ich morgen \u2026<\/span> B\u00fcrgermeister bleiben<br \/>\n<span style=\"color: #ff0000;\">Meine St\u00e4rke \u2026<\/span> ist Zielstrebigkeit<br \/>\n<span style=\"color: #ff0000;\">Meine Schw\u00e4che \u2026<\/span> ist die Ungeduld<br \/>\n<span style=\"color: #ff0000;\">Manchmal \u00e4rgere ich mich \u2026<\/span> dar\u00fcber, dass die Dinge zu langsam gehen<br \/>\n<span style=\"color: #ff0000;\">Dar\u00fcber \u00e4rgere ich mich schon lange nicht mehr \u2026<\/span> dass meine Frau zu sp\u00e4t kommt<br \/>\n<span style=\"color: #ff0000;\">Wenn ich ins Hotel einchecke, schreibe ich in das Feld \u201eBeruf\u201c\u2026<\/span> B\u00fcrgermeister<br \/>\n<span style=\"color: #ff0000;\">Den 47. Geburtstag am 24. Oktober \u2026<\/span> verbringe ich mit meiner Familie<br \/>\n<span style=\"color: #ff0000;\">Twinni: Gr\u00fcn oder Orange \u2026<\/span> immer schon Gr\u00fcn<br \/>\n<span style=\"color: #ff0000;\">Meine letzten Worte sollen sein \u2026<\/span> sch\u00f6n war\u2018s!<\/p>\n<\/div><div class=\"fusion-image-carousel fusion-image-carousel-auto fusion-carousel-border\"><div class=\"fusion-carousel\" data-autoplay=\"no\" data-columns=\"5\" data-itemmargin=\"13\" data-itemwidth=\"180\" data-touchscroll=\"no\" data-imagesize=\"auto\"><div class=\"fusion-carousel-positioner\"><ul class=\"fusion-carousel-holder\"><li class=\"fusion-carousel-item\"><div class=\"fusion-carousel-item-wrapper\"><div class=\"fusion-image-wrapper hover-type-none\"><img loading=\"lazy\" decoding=\"async\" width=\"525\" height=\"700\" src=\"https:\/\/i0.wp.com\/www.city-magazin.at\/wp-content\/uploads\/2019\/09\/2019-09-Rabl-04.jpg?fit=525%2C700&amp;ssl=1\" class=\"attachment-full size-full\" alt=\"\" srcset=\"https:\/\/i0.wp.com\/www.city-magazin.at\/wp-content\/uploads\/2019\/09\/2019-09-Rabl-04.jpg?resize=200%2C267&amp;ssl=1 200w, https:\/\/i0.wp.com\/www.city-magazin.at\/wp-content\/uploads\/2019\/09\/2019-09-Rabl-04.jpg?resize=225%2C300&amp;ssl=1 225w, https:\/\/i0.wp.com\/www.city-magazin.at\/wp-content\/uploads\/2019\/09\/2019-09-Rabl-04.jpg?resize=400%2C533&amp;ssl=1 400w, https:\/\/i0.wp.com\/www.city-magazin.at\/wp-content\/uploads\/2019\/09\/2019-09-Rabl-04.jpg?fit=525%2C700&amp;ssl=1 525w\" sizes=\"auto, (max-width: 525px) 100vw, 525px\" \/><\/div><\/div><\/li><li class=\"fusion-carousel-item\"><div class=\"fusion-carousel-item-wrapper\"><div class=\"fusion-image-wrapper hover-type-none\"><img loading=\"lazy\" decoding=\"async\" width=\"525\" height=\"700\" src=\"https:\/\/i0.wp.com\/www.city-magazin.at\/wp-content\/uploads\/2019\/09\/2019-09-Rabl-02.jpg?fit=525%2C700&amp;ssl=1\" class=\"attachment-full size-full\" alt=\"\" srcset=\"https:\/\/i0.wp.com\/www.city-magazin.at\/wp-content\/uploads\/2019\/09\/2019-09-Rabl-02.jpg?resize=200%2C267&amp;ssl=1 200w, https:\/\/i0.wp.com\/www.city-magazin.at\/wp-content\/uploads\/2019\/09\/2019-09-Rabl-02.jpg?resize=225%2C300&amp;ssl=1 225w, https:\/\/i0.wp.com\/www.city-magazin.at\/wp-content\/uploads\/2019\/09\/2019-09-Rabl-02.jpg?resize=400%2C533&amp;ssl=1 400w, https:\/\/i0.wp.com\/www.city-magazin.at\/wp-content\/uploads\/2019\/09\/2019-09-Rabl-02.jpg?fit=525%2C700&amp;ssl=1 525w\" sizes=\"auto, (max-width: 525px) 100vw, 525px\" \/><\/div><\/div><\/li><li class=\"fusion-carousel-item\"><div class=\"fusion-carousel-item-wrapper\"><div class=\"fusion-image-wrapper hover-type-none\"><img loading=\"lazy\" decoding=\"async\" width=\"525\" height=\"700\" src=\"https:\/\/i0.wp.com\/www.city-magazin.at\/wp-content\/uploads\/2019\/09\/2019-09-Rabl-03.jpg?fit=525%2C700&amp;ssl=1\" class=\"attachment-full size-full\" alt=\"\" srcset=\"https:\/\/i0.wp.com\/www.city-magazin.at\/wp-content\/uploads\/2019\/09\/2019-09-Rabl-03.jpg?resize=200%2C267&amp;ssl=1 200w, https:\/\/i0.wp.com\/www.city-magazin.at\/wp-content\/uploads\/2019\/09\/2019-09-Rabl-03.jpg?resize=225%2C300&amp;ssl=1 225w, https:\/\/i0.wp.com\/www.city-magazin.at\/wp-content\/uploads\/2019\/09\/2019-09-Rabl-03.jpg?resize=400%2C533&amp;ssl=1 400w, https:\/\/i0.wp.com\/www.city-magazin.at\/wp-content\/uploads\/2019\/09\/2019-09-Rabl-03.jpg?fit=525%2C700&amp;ssl=1 525w\" sizes=\"auto, (max-width: 525px) 100vw, 525px\" \/><\/div><\/div><\/li><li class=\"fusion-carousel-item\"><div class=\"fusion-carousel-item-wrapper\"><div class=\"fusion-image-wrapper hover-type-none\"><img loading=\"lazy\" decoding=\"async\" width=\"525\" height=\"700\" src=\"https:\/\/i0.wp.com\/www.city-magazin.at\/wp-content\/uploads\/2019\/09\/2019-09-Rabl-05.jpg?fit=525%2C700&amp;ssl=1\" class=\"attachment-full size-full\" alt=\"\" srcset=\"https:\/\/i0.wp.com\/www.city-magazin.at\/wp-content\/uploads\/2019\/09\/2019-09-Rabl-05.jpg?resize=200%2C267&amp;ssl=1 200w, https:\/\/i0.wp.com\/www.city-magazin.at\/wp-content\/uploads\/2019\/09\/2019-09-Rabl-05.jpg?resize=225%2C300&amp;ssl=1 225w, https:\/\/i0.wp.com\/www.city-magazin.at\/wp-content\/uploads\/2019\/09\/2019-09-Rabl-05.jpg?resize=400%2C533&amp;ssl=1 400w, https:\/\/i0.wp.com\/www.city-magazin.at\/wp-content\/uploads\/2019\/09\/2019-09-Rabl-05.jpg?fit=525%2C700&amp;ssl=1 525w\" sizes=\"auto, (max-width: 525px) 100vw, 525px\" \/><\/div><\/div><\/li><\/ul><div class=\"fusion-carousel-nav\"><span class=\"fusion-nav-prev\"><\/span><span class=\"fusion-nav-next\"><\/span><\/div><\/div><\/div><\/div><div class=\"fusion-text\"><p style=\"text-align: center;\">Fotos: \u00a9 Manfred Binder<\/p>\n<\/div><div class=\"fusion-clearfix\"><\/div>\n\n\t\t\t\t\t<\/div>\n\t\t\t\t<\/div><\/div><\/div>\n","protected":false},"excerpt":{"rendered":"<p>Im Interview zieht der Jurist und Welser B\u00fcrgermeister Bilanz, spricht \u00fcber seine Erwartungen bei der Nationalratswahl und gibt sich auch im WordRap lockerer denn je.<\/p>\n","protected":false},"author":2,"featured_media":3880,"comment_status":"closed","ping_status":"closed","sticky":false,"template":"","format":"standard","meta":{"jetpack_post_was_ever_published":false,"_jetpack_newsletter_access":"","_jetpack_dont_email_post_to_subs":false,"_jetpack_newsletter_tier_id":0,"_jetpack_memberships_contains_paywalled_content":false,"_jetpack_memberships_contains_paid_content":false,"footnotes":"","jetpack_publicize_message":"","jetpack_publicize_feature_enabled":true,"jetpack_social_post_already_shared":false,"jetpack_social_options":{"image_generator_settings":{"template":"highway","default_image_id":0,"font":"","enabled":false},"version":2}},"categories":[16],"tags":[],"class_list":["post-3879","post","type-post","status-publish","format-standard","has-post-thumbnail","hentry","category-leute"],"jetpack_publicize_connections":[],"jetpack_featured_media_url":"https:\/\/i0.wp.com\/www.city-magazin.at\/wp-content\/uploads\/2019\/09\/2019-09-Rabl-06.jpg?fit=933%2C700&ssl=1","jetpack_shortlink":"https:\/\/wp.me\/p7QK0n-10z","jetpack_sharing_enabled":true,"_links":{"self":[{"href":"https:\/\/www.city-magazin.at\/index.php\/wp-json\/wp\/v2\/posts\/3879","targetHints":{"allow":["GET"]}}],"collection":[{"href":"https:\/\/www.city-magazin.at\/index.php\/wp-json\/wp\/v2\/posts"}],"about":[{"href":"https:\/\/www.city-magazin.at\/index.php\/wp-json\/wp\/v2\/types\/post"}],"author":[{"embeddable":true,"href":"https:\/\/www.city-magazin.at\/index.php\/wp-json\/wp\/v2\/users\/2"}],"replies":[{"embeddable":true,"href":"https:\/\/www.city-magazin.at\/index.php\/wp-json\/wp\/v2\/comments?post=3879"}],"version-history":[{"count":1,"href":"https:\/\/www.city-magazin.at\/index.php\/wp-json\/wp\/v2\/posts\/3879\/revisions"}],"predecessor-version":[{"id":3885,"href":"https:\/\/www.city-magazin.at\/index.php\/wp-json\/wp\/v2\/posts\/3879\/revisions\/3885"}],"wp:featuredmedia":[{"embeddable":true,"href":"https:\/\/www.city-magazin.at\/index.php\/wp-json\/wp\/v2\/media\/3880"}],"wp:attachment":[{"href":"https:\/\/www.city-magazin.at\/index.php\/wp-json\/wp\/v2\/media?parent=3879"}],"wp:term":[{"taxonomy":"category","embeddable":true,"href":"https:\/\/www.city-magazin.at\/index.php\/wp-json\/wp\/v2\/categories?post=3879"},{"taxonomy":"post_tag","embeddable":true,"href":"https:\/\/www.city-magazin.at\/index.php\/wp-json\/wp\/v2\/tags?post=3879"}],"curies":[{"name":"wp","href":"https:\/\/api.w.org\/{rel}","templated":true}]}}