{"id":4782,"date":"2021-03-29T22:25:55","date_gmt":"2021-03-29T20:25:55","guid":{"rendered":"https:\/\/www.city-magazin.at\/?p=4782"},"modified":"2023-03-15T09:37:47","modified_gmt":"2023-03-15T08:37:47","slug":"zeitgeschichte-die-neuen-politessen","status":"publish","type":"post","link":"https:\/\/www.city-magazin.at\/index.php\/zeitgeschichte-die-neuen-politessen\/","title":{"rendered":"Zeitgeschichte: Die neuen Politessen"},"content":{"rendered":"<div class=\"fusion-fullwidth fullwidth-box nonhundred-percent-fullwidth non-hundred-percent-height-scrolling\"  style='background-color: rgba(255,255,255,0);background-position: center center;background-repeat: no-repeat;padding-top:20px;padding-right:0px;padding-bottom:20px;padding-left:0px;'><div class=\"fusion-builder-row fusion-row \"><div  class=\"fusion-layout-column fusion_builder_column fusion_builder_column_1_1  fusion-one-full fusion-column-first fusion-column-last 1_1\"  style='margin-top:0px;margin-bottom:20px;'>\n\t\t\t\t\t<div class=\"fusion-column-wrapper\" style=\"padding: 0px 0px 0px 0px;background-position:left top;background-repeat:no-repeat;-webkit-background-size:cover;-moz-background-size:cover;-o-background-size:cover;background-size:cover;\"  data-bg-url=\"\">\n\t\t\t\t\t\t<div class=\"fusion-title title fusion-sep-none fusion-title-size-one\" style=\"margin-top:0px;margin-bottom:31px;\"><h1 class=\"title-heading-left\"><h1>Die Polizei wird <span style=\"color: #e20714;\">WEIBLICH<\/span><\/h1><\/h1><\/div><div class=\"fusion-title title fusion-sep-none fusion-title-size-one\" style=\"margin-top:0px;margin-bottom:31px;\"><h1 class=\"title-heading-left\"><h4>Es begann 1972 harmlos mit R\u00f6cken und auf einmal hatten sie die Hosen an<\/h4><\/h1><\/div><div class=\"fusion-text\"><p>Die Gleichstellung der Frauen bei der Polizei war kein Spaziergang, sondern ein langer Weg: So wurden im Jahr 1972 vorerst drei Sicherheitswachebeamtinnen gemeinsam mit m\u00e4nnlichen Kollegen ausgebildet. Auch die \u00c4nderung des neuen Dienstplans mit Mai 1973 f\u00fchrte zur Einstellung weiblicher Polizeikr\u00e4fte, da f\u00fcr Linz die erforderliche Anzahl von Sicherheitswachebeamten nicht gegeben war.<!--more--><\/p>\n<p>Daher wurden 35 Frauen zwischen 18 und 30 Jahren aufgenommen. Die neuen Politessen, die zur Verkehrsregelung eingesetzt wurden und gegen Parks\u00fcnder vorgehen sollten, bekamen eine eigene blaue Uniform, ein Gehalt von rund 4.000 Schilling und hatten eine durchaus attraktive Arbeitszeit: halbtags von 7 bis 14 Uhr oder von 14 bis 21 Uhr. Je eine Gruppe hatte zus\u00e4tzlich am Samstagvormittag Dienst, ansonsten war das Wochenende frei.<\/p>\n<p><strong>Mediale Kastrations\u00e4ngste?<\/strong> 1990 zogen auch bei der Sicherheitswache und Kriminalpolizei Polizistinnen ein. Eine Schlagzeile lautete ein wenig spektakul\u00e4r: \u201eSturm auf M\u00e4nnerdom\u00e4ne\u201c. Seit 1973 waren Politessen bei der Linzer Verkehrs-<br \/>\n\u00fcberwachung eingesetzt. Mehr als Strafzettel schreiben durften sie jedoch nicht. Nun schuf ein neues Bundesgesetz die Voraussetzung daf\u00fcr, dass Frauen in der Polizei dieselben Rechte und Pflichten haben wie ihre m\u00e4nnlichen Kollegen. Von nun an versahen auch uniformierte Polizistinnen Dienst bei der Sicherheitswache \u2013 bisher gab es nur im Polizeigefangenenhaus Sicherheitswachebeamtinnen. Anfangs wurde aber noch gestritten, ob die weiblichen Polizisten Hosen oder R\u00f6cke tragen sollten. In Linz dachte man an dieselbe Uniform, wie sie die Kolleginnen im Gefangenenhaus trugen. Allerdings: \u201eDie R\u00f6cke d\u00fcrfen nur zum Laufen nicht zu eng sein\u201c, war aus der Polizeidirektion zu h\u00f6ren. Die Hosen setzten sich schlie\u00dflich durch.<\/p>\n<p><strong>Frauen auf Streife.<\/strong> Zu den \u00fcber 750 m\u00e4nnlichen Polizisten der Sicherheitswache Linz kamen am 6. November die ersten 9 Polizistinnen. Auch in Graz begannen damals 6 Polizistinnen mit der Grundausbildung, in Wien waren es 25, am Ende sollten es 600 weibliche Streifenbeamte sein. Die Politik gab sich damals sogar k\u00e4mpferisch. Nach erreichter Einigung zwischen SP\u00d6 und \u00d6VP gab sich der Sicherheitssprecher der \u00d6VP Dr. Wendelin Ettmayer \u00fcberzeugt: \u201eIch halte es f\u00fcr durchaus sinnvoll, Frauen verst\u00e4rkt im Sicherheitsbereich einzusetzen.\u201c Der Linzer Polizeidirektor Dr. Stark formulierte ein wenig vorsichtiger: \u201eFrauen sind bei manchen Amtshandlungen im Vorteil.\u201c<\/p>\n<p><strong>Sie durften sogar Autofahren.<\/strong> Die ersten Polizistinnen in Linz wurden aus jenen 16 Politessen ausgew\u00e4hlt, die als Vertragsbedienstete mit Sondervertrag f\u00fcr Verkehrs\u00fcberwachung und Schulwegsicherung angestellt waren. Die 9 ausgew\u00e4hlten Frauen mussten zun\u00e4chst einmal in die Polizeischule. Allerdings mussten sie nicht die gesamte 24 Monate dauernde Schulung durchmachen, da sie schon drei Monate Kurs und einige Erfahrungen hinter sich hatten. \u201eSp\u00e4testens ab der 2. Jahresh\u00e4lfte 1992 k\u00f6nnen sich etwa Ladendiebe darauf gefasst machen, von Frauen gejagt zu werden\u201c, wurde damals in der Zeitung angek\u00fcndigt. Im Gegensatz zu den Politessen fuhren die Polizistinnen auch mit dem Streifenwagen und leisteten den ganz normalen Turnusdienst. Stationiert wurden sie anfangs im Wachzimmer Polizeidirektion, da dort alle n\u00f6tigen Sanit\u00e4reinrichtungen und Umkleider\u00e4ume vorhanden waren. Zu dieser Zeit ermittelten drei Frauen auch bereits bei der Linzer Kripo.<\/p>\n<\/div><div class=\"fusion-image-carousel fusion-image-carousel-auto fusion-carousel-border\"><div class=\"fusion-carousel\" data-autoplay=\"no\" data-columns=\"5\" data-itemmargin=\"13\" data-itemwidth=\"180\" data-touchscroll=\"no\" data-imagesize=\"auto\"><div class=\"fusion-carousel-positioner\"><ul class=\"fusion-carousel-holder\"><li class=\"fusion-carousel-item\"><div class=\"fusion-carousel-item-wrapper\"><div class=\"fusion-image-wrapper hover-type-none\"><img loading=\"lazy\" decoding=\"async\" width=\"700\" height=\"525\" src=\"https:\/\/i0.wp.com\/www.city-magazin.at\/wp-content\/uploads\/2021\/03\/2021-04-Politessen-06.png?fit=700%2C525&amp;ssl=1\" class=\"attachment-full size-full\" alt=\"NEUN NOVIZINNEN. Gruppenaufnahme\" srcset=\"https:\/\/i0.wp.com\/www.city-magazin.at\/wp-content\/uploads\/2021\/03\/2021-04-Politessen-06.png?resize=200%2C150&amp;ssl=1 200w, https:\/\/i0.wp.com\/www.city-magazin.at\/wp-content\/uploads\/2021\/03\/2021-04-Politessen-06.png?resize=300%2C225&amp;ssl=1 300w, https:\/\/i0.wp.com\/www.city-magazin.at\/wp-content\/uploads\/2021\/03\/2021-04-Politessen-06.png?resize=400%2C300&amp;ssl=1 400w, https:\/\/i0.wp.com\/www.city-magazin.at\/wp-content\/uploads\/2021\/03\/2021-04-Politessen-06.png?resize=600%2C450&amp;ssl=1 600w, https:\/\/i0.wp.com\/www.city-magazin.at\/wp-content\/uploads\/2021\/03\/2021-04-Politessen-06.png?fit=700%2C525&amp;ssl=1 700w\" sizes=\"auto, (max-width: 700px) 100vw, 700px\" \/><\/div><\/div><\/li><li class=\"fusion-carousel-item\"><div class=\"fusion-carousel-item-wrapper\"><div class=\"fusion-image-wrapper hover-type-none\"><img loading=\"lazy\" decoding=\"async\" width=\"700\" height=\"525\" src=\"https:\/\/i0.wp.com\/www.city-magazin.at\/wp-content\/uploads\/2021\/03\/2021-04-Politessen-02.png?fit=700%2C525&amp;ssl=1\" class=\"attachment-full size-full\" alt=\"PARTYALARM! Abschlussfeier mit Presse nach erfolgreicher Beendigung des Ausbildungskurses (OSTA) in der Polizeidirektion in der Mozartstra\u00dfe mit Direktor Koller, 1974.\" srcset=\"https:\/\/i0.wp.com\/www.city-magazin.at\/wp-content\/uploads\/2021\/03\/2021-04-Politessen-02.png?resize=200%2C150&amp;ssl=1 200w, https:\/\/i0.wp.com\/www.city-magazin.at\/wp-content\/uploads\/2021\/03\/2021-04-Politessen-02.png?resize=300%2C225&amp;ssl=1 300w, https:\/\/i0.wp.com\/www.city-magazin.at\/wp-content\/uploads\/2021\/03\/2021-04-Politessen-02.png?resize=400%2C300&amp;ssl=1 400w, https:\/\/i0.wp.com\/www.city-magazin.at\/wp-content\/uploads\/2021\/03\/2021-04-Politessen-02.png?resize=600%2C450&amp;ssl=1 600w, https:\/\/i0.wp.com\/www.city-magazin.at\/wp-content\/uploads\/2021\/03\/2021-04-Politessen-02.png?fit=700%2C525&amp;ssl=1 700w\" sizes=\"auto, (max-width: 700px) 100vw, 700px\" \/><\/div><\/div><\/li><li class=\"fusion-carousel-item\"><div class=\"fusion-carousel-item-wrapper\"><div class=\"fusion-image-wrapper hover-type-none\"><img loading=\"lazy\" decoding=\"async\" width=\"700\" height=\"466\" src=\"https:\/\/i0.wp.com\/www.city-magazin.at\/wp-content\/uploads\/2021\/03\/2021-04-Politessen-03.png?fit=700%2C466&amp;ssl=1\" class=\"attachment-full size-full\" alt=\"Direktor Koller, 1974\" srcset=\"https:\/\/i0.wp.com\/www.city-magazin.at\/wp-content\/uploads\/2021\/03\/2021-04-Politessen-03.png?resize=200%2C133&amp;ssl=1 200w, https:\/\/i0.wp.com\/www.city-magazin.at\/wp-content\/uploads\/2021\/03\/2021-04-Politessen-03.png?resize=300%2C200&amp;ssl=1 300w, https:\/\/i0.wp.com\/www.city-magazin.at\/wp-content\/uploads\/2021\/03\/2021-04-Politessen-03.png?resize=400%2C266&amp;ssl=1 400w, https:\/\/i0.wp.com\/www.city-magazin.at\/wp-content\/uploads\/2021\/03\/2021-04-Politessen-03.png?resize=600%2C399&amp;ssl=1 600w, https:\/\/i0.wp.com\/www.city-magazin.at\/wp-content\/uploads\/2021\/03\/2021-04-Politessen-03.png?fit=700%2C466&amp;ssl=1 700w\" sizes=\"auto, (max-width: 700px) 100vw, 700px\" \/><\/div><\/div><\/li><li class=\"fusion-carousel-item\"><div class=\"fusion-carousel-item-wrapper\"><div class=\"fusion-image-wrapper hover-type-none\"><img loading=\"lazy\" decoding=\"async\" width=\"700\" height=\"487\" src=\"https:\/\/i0.wp.com\/www.city-magazin.at\/wp-content\/uploads\/2021\/03\/2021-04-Politessen-04.png?fit=700%2C487&amp;ssl=1\" class=\"attachment-full size-full\" alt=\"DIE FRAUEN K\u00dcMMERN SICH UM DIE KINDER. Ganz nach dem alten Rollenbild: Verkehrserziehung in der Linzer Nietzschestra\u00dfe.\" srcset=\"https:\/\/i0.wp.com\/www.city-magazin.at\/wp-content\/uploads\/2021\/03\/2021-04-Politessen-04.png?resize=200%2C139&amp;ssl=1 200w, https:\/\/i0.wp.com\/www.city-magazin.at\/wp-content\/uploads\/2021\/03\/2021-04-Politessen-04.png?resize=300%2C209&amp;ssl=1 300w, https:\/\/i0.wp.com\/www.city-magazin.at\/wp-content\/uploads\/2021\/03\/2021-04-Politessen-04.png?resize=400%2C278&amp;ssl=1 400w, https:\/\/i0.wp.com\/www.city-magazin.at\/wp-content\/uploads\/2021\/03\/2021-04-Politessen-04.png?resize=600%2C417&amp;ssl=1 600w, https:\/\/i0.wp.com\/www.city-magazin.at\/wp-content\/uploads\/2021\/03\/2021-04-Politessen-04.png?fit=700%2C487&amp;ssl=1 700w\" sizes=\"auto, (max-width: 700px) 100vw, 700px\" \/><\/div><\/div><\/li><li class=\"fusion-carousel-item\"><div class=\"fusion-carousel-item-wrapper\"><div class=\"fusion-image-wrapper hover-type-none\"><img loading=\"lazy\" decoding=\"async\" width=\"700\" height=\"525\" src=\"https:\/\/i0.wp.com\/www.city-magazin.at\/wp-content\/uploads\/2021\/03\/2021-04-Politessen-05.png?fit=700%2C525&amp;ssl=1\" class=\"attachment-full size-full\" alt=\"Frauen auf Streife.\" srcset=\"https:\/\/i0.wp.com\/www.city-magazin.at\/wp-content\/uploads\/2021\/03\/2021-04-Politessen-05.png?resize=200%2C150&amp;ssl=1 200w, https:\/\/i0.wp.com\/www.city-magazin.at\/wp-content\/uploads\/2021\/03\/2021-04-Politessen-05.png?resize=300%2C225&amp;ssl=1 300w, https:\/\/i0.wp.com\/www.city-magazin.at\/wp-content\/uploads\/2021\/03\/2021-04-Politessen-05.png?resize=400%2C300&amp;ssl=1 400w, https:\/\/i0.wp.com\/www.city-magazin.at\/wp-content\/uploads\/2021\/03\/2021-04-Politessen-05.png?resize=600%2C450&amp;ssl=1 600w, https:\/\/i0.wp.com\/www.city-magazin.at\/wp-content\/uploads\/2021\/03\/2021-04-Politessen-05.png?fit=700%2C525&amp;ssl=1 700w\" sizes=\"auto, (max-width: 700px) 100vw, 700px\" \/><\/div><\/div><\/li><li class=\"fusion-carousel-item\"><div class=\"fusion-carousel-item-wrapper\"><div class=\"fusion-image-wrapper hover-type-none\"><img loading=\"lazy\" decoding=\"async\" width=\"700\" height=\"525\" src=\"https:\/\/i0.wp.com\/www.city-magazin.at\/wp-content\/uploads\/2021\/03\/2021-04-Politessen-07.png?fit=700%2C525&amp;ssl=1\" class=\"attachment-full size-full\" alt=\"Verkehrserziehung\" srcset=\"https:\/\/i0.wp.com\/www.city-magazin.at\/wp-content\/uploads\/2021\/03\/2021-04-Politessen-07.png?resize=200%2C150&amp;ssl=1 200w, https:\/\/i0.wp.com\/www.city-magazin.at\/wp-content\/uploads\/2021\/03\/2021-04-Politessen-07.png?resize=300%2C225&amp;ssl=1 300w, https:\/\/i0.wp.com\/www.city-magazin.at\/wp-content\/uploads\/2021\/03\/2021-04-Politessen-07.png?resize=400%2C300&amp;ssl=1 400w, https:\/\/i0.wp.com\/www.city-magazin.at\/wp-content\/uploads\/2021\/03\/2021-04-Politessen-07.png?resize=600%2C450&amp;ssl=1 600w, https:\/\/i0.wp.com\/www.city-magazin.at\/wp-content\/uploads\/2021\/03\/2021-04-Politessen-07.png?fit=700%2C525&amp;ssl=1 700w\" sizes=\"auto, (max-width: 700px) 100vw, 700px\" \/><\/div><\/div><\/li><li class=\"fusion-carousel-item\"><div class=\"fusion-carousel-item-wrapper\"><div class=\"fusion-image-wrapper hover-type-none\"><img loading=\"lazy\" decoding=\"async\" width=\"700\" height=\"525\" src=\"https:\/\/i0.wp.com\/www.city-magazin.at\/wp-content\/uploads\/2021\/03\/2021-04-Politessen-08.png?fit=700%2C525&amp;ssl=1\" class=\"attachment-full size-full\" alt=\"PIKIERTER PARKS\u00dcNDER. Da staunt das M\u00e4nnlein, weil jetzt auch ein Fr\u00e4ulein so streng sein kann.\" srcset=\"https:\/\/i0.wp.com\/www.city-magazin.at\/wp-content\/uploads\/2021\/03\/2021-04-Politessen-08.png?resize=200%2C150&amp;ssl=1 200w, https:\/\/i0.wp.com\/www.city-magazin.at\/wp-content\/uploads\/2021\/03\/2021-04-Politessen-08.png?resize=300%2C225&amp;ssl=1 300w, https:\/\/i0.wp.com\/www.city-magazin.at\/wp-content\/uploads\/2021\/03\/2021-04-Politessen-08.png?resize=400%2C300&amp;ssl=1 400w, https:\/\/i0.wp.com\/www.city-magazin.at\/wp-content\/uploads\/2021\/03\/2021-04-Politessen-08.png?resize=600%2C450&amp;ssl=1 600w, https:\/\/i0.wp.com\/www.city-magazin.at\/wp-content\/uploads\/2021\/03\/2021-04-Politessen-08.png?fit=700%2C525&amp;ssl=1 700w\" sizes=\"auto, (max-width: 700px) 100vw, 700px\" \/><\/div><\/div><\/li><li class=\"fusion-carousel-item\"><div class=\"fusion-carousel-item-wrapper\"><div class=\"fusion-image-wrapper hover-type-none\"><img loading=\"lazy\" decoding=\"async\" width=\"700\" height=\"525\" src=\"https:\/\/i0.wp.com\/www.city-magazin.at\/wp-content\/uploads\/2021\/03\/2021-04-Politessen-01.png?fit=700%2C525&amp;ssl=1\" class=\"attachment-full size-full\" alt=\"Frauen auf Streife.\" srcset=\"https:\/\/i0.wp.com\/www.city-magazin.at\/wp-content\/uploads\/2021\/03\/2021-04-Politessen-01.png?resize=200%2C150&amp;ssl=1 200w, https:\/\/i0.wp.com\/www.city-magazin.at\/wp-content\/uploads\/2021\/03\/2021-04-Politessen-01.png?resize=300%2C225&amp;ssl=1 300w, https:\/\/i0.wp.com\/www.city-magazin.at\/wp-content\/uploads\/2021\/03\/2021-04-Politessen-01.png?resize=400%2C300&amp;ssl=1 400w, https:\/\/i0.wp.com\/www.city-magazin.at\/wp-content\/uploads\/2021\/03\/2021-04-Politessen-01.png?resize=600%2C450&amp;ssl=1 600w, https:\/\/i0.wp.com\/www.city-magazin.at\/wp-content\/uploads\/2021\/03\/2021-04-Politessen-01.png?fit=700%2C525&amp;ssl=1 700w\" sizes=\"auto, (max-width: 700px) 100vw, 700px\" \/><\/div><\/div><\/li><li class=\"fusion-carousel-item\"><div class=\"fusion-carousel-item-wrapper\"><div class=\"fusion-image-wrapper hover-type-none\"><img loading=\"lazy\" decoding=\"async\" width=\"700\" height=\"627\" src=\"https:\/\/i0.wp.com\/www.city-magazin.at\/wp-content\/uploads\/2021\/03\/2021-04-Politessen-10.png?fit=700%2C627&amp;ssl=1\" class=\"attachment-full size-full\" alt=\"\" srcset=\"https:\/\/i0.wp.com\/www.city-magazin.at\/wp-content\/uploads\/2021\/03\/2021-04-Politessen-10.png?resize=200%2C179&amp;ssl=1 200w, https:\/\/i0.wp.com\/www.city-magazin.at\/wp-content\/uploads\/2021\/03\/2021-04-Politessen-10.png?resize=300%2C269&amp;ssl=1 300w, https:\/\/i0.wp.com\/www.city-magazin.at\/wp-content\/uploads\/2021\/03\/2021-04-Politessen-10.png?resize=400%2C358&amp;ssl=1 400w, https:\/\/i0.wp.com\/www.city-magazin.at\/wp-content\/uploads\/2021\/03\/2021-04-Politessen-10.png?resize=600%2C537&amp;ssl=1 600w, https:\/\/i0.wp.com\/www.city-magazin.at\/wp-content\/uploads\/2021\/03\/2021-04-Politessen-10.png?fit=700%2C627&amp;ssl=1 700w\" sizes=\"auto, (max-width: 700px) 100vw, 700px\" \/><\/div><\/div><\/li><\/ul><div class=\"fusion-carousel-nav\"><span class=\"fusion-nav-prev\"><\/span><span class=\"fusion-nav-next\"><\/span><\/div><\/div><\/div><\/div><div class=\"fusion-text\"><p style=\"text-align: center;\">Fotos: \u00a9 Lentia Verlag<\/p>\n<\/div><div class=\"fusion-clearfix\"><\/div>\n\n\t\t\t\t\t<\/div>\n\t\t\t\t<\/div><\/div><\/div>\n","protected":false},"excerpt":{"rendered":"<p>Die Gleichstellung der Frauen bei der Polizei war kein Spaziergang, sondern ein langer Weg: So wurden im Jahr 1972 vorerst drei Sicherheitswachebeamtinnen gemeinsam mit m\u00e4nnlichen Kollegen ausgebildet. Auch die \u00c4nderung des neuen Dienstplans mit Mai 1973 f\u00fchrte zur Einstellung weiblicher Polizeikr\u00e4fte, da f\u00fcr Linz die erforderliche Anzahl von Sicherheitswachebeamten nicht gegeben war.<\/p>\n","protected":false},"author":2,"featured_media":4790,"comment_status":"closed","ping_status":"closed","sticky":false,"template":"","format":"standard","meta":{"jetpack_post_was_ever_published":false,"_jetpack_newsletter_access":"","_jetpack_dont_email_post_to_subs":false,"_jetpack_newsletter_tier_id":0,"_jetpack_memberships_contains_paywalled_content":false,"_jetpack_memberships_contains_paid_content":false,"footnotes":"","jetpack_publicize_message":"","jetpack_publicize_feature_enabled":true,"jetpack_social_post_already_shared":true,"jetpack_social_options":{"image_generator_settings":{"template":"highway","default_image_id":0,"font":"","enabled":false},"version":2}},"categories":[1],"tags":[],"class_list":["post-4782","post","type-post","status-publish","format-standard","has-post-thumbnail","hentry","category-allgemein"],"jetpack_publicize_connections":[],"jetpack_featured_media_url":"https:\/\/i0.wp.com\/www.city-magazin.at\/wp-content\/uploads\/2021\/03\/2021-04-Politessen-00.png?fit=700%2C467&ssl=1","jetpack_shortlink":"https:\/\/wp.me\/p7QK0n-1f8","jetpack_sharing_enabled":true,"_links":{"self":[{"href":"https:\/\/www.city-magazin.at\/index.php\/wp-json\/wp\/v2\/posts\/4782","targetHints":{"allow":["GET"]}}],"collection":[{"href":"https:\/\/www.city-magazin.at\/index.php\/wp-json\/wp\/v2\/posts"}],"about":[{"href":"https:\/\/www.city-magazin.at\/index.php\/wp-json\/wp\/v2\/types\/post"}],"author":[{"embeddable":true,"href":"https:\/\/www.city-magazin.at\/index.php\/wp-json\/wp\/v2\/users\/2"}],"replies":[{"embeddable":true,"href":"https:\/\/www.city-magazin.at\/index.php\/wp-json\/wp\/v2\/comments?post=4782"}],"version-history":[{"count":2,"href":"https:\/\/www.city-magazin.at\/index.php\/wp-json\/wp\/v2\/posts\/4782\/revisions"}],"predecessor-version":[{"id":4794,"href":"https:\/\/www.city-magazin.at\/index.php\/wp-json\/wp\/v2\/posts\/4782\/revisions\/4794"}],"wp:featuredmedia":[{"embeddable":true,"href":"https:\/\/www.city-magazin.at\/index.php\/wp-json\/wp\/v2\/media\/4790"}],"wp:attachment":[{"href":"https:\/\/www.city-magazin.at\/index.php\/wp-json\/wp\/v2\/media?parent=4782"}],"wp:term":[{"taxonomy":"category","embeddable":true,"href":"https:\/\/www.city-magazin.at\/index.php\/wp-json\/wp\/v2\/categories?post=4782"},{"taxonomy":"post_tag","embeddable":true,"href":"https:\/\/www.city-magazin.at\/index.php\/wp-json\/wp\/v2\/tags?post=4782"}],"curies":[{"name":"wp","href":"https:\/\/api.w.org\/{rel}","templated":true}]}}