{"id":5006,"date":"2021-08-30T23:12:33","date_gmt":"2021-08-30T21:12:33","guid":{"rendered":"https:\/\/www.city-magazin.at\/?p=5006"},"modified":"2021-10-31T13:23:22","modified_gmt":"2021-10-31T12:23:22","slug":"landtagswahl-2021","status":"publish","type":"post","link":"https:\/\/www.city-magazin.at\/index.php\/landtagswahl-2021\/","title":{"rendered":"Landtagswahl 2021"},"content":{"rendered":"<div class=\"fusion-fullwidth fullwidth-box nonhundred-percent-fullwidth non-hundred-percent-height-scrolling\"  style='background-color: rgba(255,255,255,0);background-position: center center;background-repeat: no-repeat;padding-top:20px;padding-right:0px;padding-bottom:20px;padding-left:0px;'><div class=\"fusion-builder-row fusion-row \"><div  class=\"fusion-layout-column fusion_builder_column fusion_builder_column_1_1  fusion-one-full fusion-column-first fusion-column-last 1_1\"  style='margin-top:0px;margin-bottom:20px;'>\n\t\t\t\t\t<div class=\"fusion-column-wrapper\" style=\"padding: 0px 0px 0px 0px;background-position:left top;background-repeat:no-repeat;-webkit-background-size:cover;-moz-background-size:cover;-o-background-size:cover;background-size:cover;\"  data-bg-url=\"\">\n\t\t\t\t\t\t<div class=\"fusion-title title fusion-sep-none fusion-title-size-one\" style=\"margin-top:0px;margin-bottom:31px;\"><h1 class=\"title-heading-left\"><h1><span style=\"color: #e20714;\">CITY! ERSTER WAHLCHECK. <\/span>Sie haben es wieder in der Hand.<\/h1><\/h1><\/div><div class=\"fusion-title title fusion-sep-none fusion-title-size-one\" style=\"margin-top:0px;margin-bottom:31px;\"><h1 class=\"title-heading-left\"><h4>Die Sommerferien gehen zu Ende \u2013 der Wahlkampf in Stadt und Land kommt drei Wochen vorm Urnengang aber erst so richtig in Fahrt<\/h4><\/h1><\/div><div class=\"fusion-text\"><p>Bislang war es ein ruhiger Polit-Sommer. Dass im Land ob der Enns bald gew\u00e4hlt wird, davon war in den letzten Wochen kaum etwas zu sp\u00fcren.<!--more--><\/p>\n<p>Lediglich zahllose Plakatfl\u00e4chen schossen Mitte August quasi \u00fcber Nacht aus dem Boden und lie\u00dfen so auch politisch eher unbedarfte Mitb\u00fcrger wissen: nach<br \/>\nsechs Jahren holen sich die heimischen Politiker am Sonntag, dem 26. September ihre \u201eZeugnisse\u201c ab. Ein Super-Wahltag auf Landes- und Gemeindeebene mit B\u00fcrgermeister-Direktwahl. B\u00fcrger mit Regierungen zufrieden. Vielleicht liegt die bislang diszipliniert eingehaltene Sommerruhe vor dem Wahlkampfsturm<br \/>\n\u2013 immerhin treten landesweit 11 Parteien an \u2013 auch in der Pandemie begr\u00fcndet. Nach 18 Monaten Lockdowns, Maskenpflicht und \u201eWeltuntergangsstimmung\u201c wollten sicher alle Stimmenwerber den Ober\u00f6sterreichern eine Sommerpause g\u00f6nnen und den Wahlkampf kurz, knackig und wohl auch m\u00f6glichst kosteng\u00fcnstig gestalten, zumal Wahlkampfkosten\u00fcberschreitungen nicht nur empfindliche Geldstrafen, sondern meist auch massive \u00f6ffentlicher Kritik nach sich ziehen. Ein weiterer Grund f\u00fcr die noble Zur\u00fcckhaltung der Polit-Kontrahenten hierzulande, die man in dieser Form weder bei der letzten Nationalratswahl noch bei den mitunter \u201egrausamen\u201c Konfrontationen vor dem Wiener Urnengang im Vorjahr auch nur ansatzweise erkennen konnte, d\u00fcrfte die allgemein<br \/>\ngute Stimmung im Land sein. Diverse Umfragen best\u00e4tigen seit Jahren, dass die Ober\u00f6sterreicher mit ihren Proporzregierungen weitgehend zufrieden sind. Jede Partei ab einer gewissen St\u00e4rke ist somit nicht nur in den Landes- und Gemeindeparlamenten mit Sitz und Stimme vertreten, sondern eben auch in den Regierungen selbst. Kein Wunder also, dass der jeweils erste in Stadt oder Land auch darauf hinweist: Hier wird nicht gestritten, sondern<br \/>\ngearbeitet. Rund 99 Prozent aller Beschl\u00fcsse etwa fallen in der Landesregierung einstimmig. Warum also laut streiten? Favoritenrolle(n). Noch etwas scheint klar: Der jeweils amtierende Regierungschef gilt als klarer Favorit. Das freut naturgem\u00e4\u00df die B\u00fcrgermeister wie Klaus Luger (SP) in Linz oder Andreas Rabl (FP) in Wels. Nur in Steyr tritt Gerald \u201eGery\u201c Hackl (SP) nicht mehr an, was zumindest eine gewisse Wechsel-Spannung in der Eisenstadt mit sich bringt. Im Land selbst hingegen scheint es keine Zweifel daran zu geben, dass es eben nur einen geben kann: Thomas Stelzer (O\u00d6VP). Der 54-j\u00e4hrige, der 2017 das Amt des Landeshauptmanns von Langzeit-Regierungschef Josef P\u00fchringer \u00fcbernommen hat, f\u00fchrt vom ersten Tag der Amtseinf\u00fchrung ungef\u00e4hrdet alle unterschiedlichen Umfragen an und hat nun bei seiner ersten Wahl als LH zudem auch sehr gute Chancen f\u00fcr die im Fl\u00fcchtlingsjahr 2015 abgestraften Schwarzen wieder satte Zugewinne einzufahren. Bleibt noch die Frage: Kann Stelzer seine guten Umfragewerte auch auf die Partei umm\u00fcnzen? Am 26.09. wird man es wissen.<\/p>\n<\/div><div class=\"fusion-image-carousel fusion-image-carousel-auto fusion-carousel-border\"><div class=\"fusion-carousel\" data-autoplay=\"no\" data-columns=\"5\" data-itemmargin=\"13\" data-itemwidth=\"180\" data-touchscroll=\"no\" data-imagesize=\"auto\"><div class=\"fusion-carousel-positioner\"><ul class=\"fusion-carousel-holder\"><li class=\"fusion-carousel-item\"><div class=\"fusion-carousel-item-wrapper\"><div class=\"fusion-image-wrapper hover-type-none\"><img loading=\"lazy\" decoding=\"async\" width=\"500\" height=\"500\" src=\"https:\/\/i0.wp.com\/www.city-magazin.at\/wp-content\/uploads\/2021\/08\/2021-09-Wahl-1.png?fit=500%2C500&amp;ssl=1\" class=\"attachment-full size-full\" alt=\"BELIEBTER LANDESHAUPTMANN. Thomas Stelzer (54) tritt f\u00fcr die O\u00d6VP an und will, dass Ober\u00f6sterreichs erfolgreicher Weg fortgesetzt wird.\" srcset=\"https:\/\/i0.wp.com\/www.city-magazin.at\/wp-content\/uploads\/2021\/08\/2021-09-Wahl-1.png?resize=45%2C45&amp;ssl=1 45w, https:\/\/i0.wp.com\/www.city-magazin.at\/wp-content\/uploads\/2021\/08\/2021-09-Wahl-1.png?resize=66%2C66&amp;ssl=1 66w, https:\/\/i0.wp.com\/www.city-magazin.at\/wp-content\/uploads\/2021\/08\/2021-09-Wahl-1.png?resize=150%2C150&amp;ssl=1 150w, https:\/\/i0.wp.com\/www.city-magazin.at\/wp-content\/uploads\/2021\/08\/2021-09-Wahl-1.png?resize=200%2C200&amp;ssl=1 200w, https:\/\/i0.wp.com\/www.city-magazin.at\/wp-content\/uploads\/2021\/08\/2021-09-Wahl-1.png?resize=300%2C300&amp;ssl=1 300w, https:\/\/i0.wp.com\/www.city-magazin.at\/wp-content\/uploads\/2021\/08\/2021-09-Wahl-1.png?resize=400%2C400&amp;ssl=1 400w, https:\/\/i0.wp.com\/www.city-magazin.at\/wp-content\/uploads\/2021\/08\/2021-09-Wahl-1.png?fit=500%2C500&amp;ssl=1 500w\" sizes=\"auto, (max-width: 500px) 100vw, 500px\" \/><\/div><\/div><\/li><li class=\"fusion-carousel-item\"><div class=\"fusion-carousel-item-wrapper\"><div class=\"fusion-image-wrapper hover-type-none\"><img loading=\"lazy\" decoding=\"async\" width=\"500\" height=\"500\" src=\"https:\/\/i0.wp.com\/www.city-magazin.at\/wp-content\/uploads\/2021\/08\/2021-09-Wahl-2.png?fit=500%2C500&amp;ssl=1\" class=\"attachment-full size-full\" alt=\"PLATZ 2 HALTEN. FP-Chef Manfred Haimbuchner verantwortet in O\u00d6. als LH-Stv. auch das m\u00e4chtige Wohnbauressort.\" srcset=\"https:\/\/i0.wp.com\/www.city-magazin.at\/wp-content\/uploads\/2021\/08\/2021-09-Wahl-2.png?resize=45%2C45&amp;ssl=1 45w, https:\/\/i0.wp.com\/www.city-magazin.at\/wp-content\/uploads\/2021\/08\/2021-09-Wahl-2.png?resize=66%2C66&amp;ssl=1 66w, https:\/\/i0.wp.com\/www.city-magazin.at\/wp-content\/uploads\/2021\/08\/2021-09-Wahl-2.png?resize=150%2C150&amp;ssl=1 150w, https:\/\/i0.wp.com\/www.city-magazin.at\/wp-content\/uploads\/2021\/08\/2021-09-Wahl-2.png?resize=200%2C200&amp;ssl=1 200w, https:\/\/i0.wp.com\/www.city-magazin.at\/wp-content\/uploads\/2021\/08\/2021-09-Wahl-2.png?resize=300%2C300&amp;ssl=1 300w, https:\/\/i0.wp.com\/www.city-magazin.at\/wp-content\/uploads\/2021\/08\/2021-09-Wahl-2.png?resize=400%2C400&amp;ssl=1 400w, https:\/\/i0.wp.com\/www.city-magazin.at\/wp-content\/uploads\/2021\/08\/2021-09-Wahl-2.png?fit=500%2C500&amp;ssl=1 500w\" sizes=\"auto, (max-width: 500px) 100vw, 500px\" \/><\/div><\/div><\/li><li class=\"fusion-carousel-item\"><div class=\"fusion-carousel-item-wrapper\"><div class=\"fusion-image-wrapper hover-type-none\"><img loading=\"lazy\" decoding=\"async\" width=\"500\" height=\"500\" src=\"https:\/\/i0.wp.com\/www.city-magazin.at\/wp-content\/uploads\/2021\/08\/2021-09-Wahl-3.png?fit=500%2C500&amp;ssl=1\" class=\"attachment-full size-full\" alt=\"SP-LANDESR\u00c4TIN. Birgit Gerstorfer (57) darf zumindest auf leichte Zugewinne hoffen.\" srcset=\"https:\/\/i0.wp.com\/www.city-magazin.at\/wp-content\/uploads\/2021\/08\/2021-09-Wahl-3.png?resize=45%2C45&amp;ssl=1 45w, https:\/\/i0.wp.com\/www.city-magazin.at\/wp-content\/uploads\/2021\/08\/2021-09-Wahl-3.png?resize=66%2C66&amp;ssl=1 66w, https:\/\/i0.wp.com\/www.city-magazin.at\/wp-content\/uploads\/2021\/08\/2021-09-Wahl-3.png?resize=150%2C150&amp;ssl=1 150w, https:\/\/i0.wp.com\/www.city-magazin.at\/wp-content\/uploads\/2021\/08\/2021-09-Wahl-3.png?resize=200%2C200&amp;ssl=1 200w, https:\/\/i0.wp.com\/www.city-magazin.at\/wp-content\/uploads\/2021\/08\/2021-09-Wahl-3.png?resize=300%2C300&amp;ssl=1 300w, https:\/\/i0.wp.com\/www.city-magazin.at\/wp-content\/uploads\/2021\/08\/2021-09-Wahl-3.png?resize=400%2C400&amp;ssl=1 400w, https:\/\/i0.wp.com\/www.city-magazin.at\/wp-content\/uploads\/2021\/08\/2021-09-Wahl-3.png?fit=500%2C500&amp;ssl=1 500w\" sizes=\"auto, (max-width: 500px) 100vw, 500px\" \/><\/div><\/div><\/li><li class=\"fusion-carousel-item\"><div class=\"fusion-carousel-item-wrapper\"><div class=\"fusion-image-wrapper hover-type-none\"><img loading=\"lazy\" decoding=\"async\" width=\"500\" height=\"500\" src=\"https:\/\/i0.wp.com\/www.city-magazin.at\/wp-content\/uploads\/2021\/08\/2021-09-Wahl-4.png?fit=500%2C500&amp;ssl=1\" class=\"attachment-full size-full\" alt=\"NOCH NICHT PROFILIERT. Gr\u00fcn-Landesrat Stefan Kaineder (36) stellt sich erstmals der Wahl.\" srcset=\"https:\/\/i0.wp.com\/www.city-magazin.at\/wp-content\/uploads\/2021\/08\/2021-09-Wahl-4.png?resize=45%2C45&amp;ssl=1 45w, https:\/\/i0.wp.com\/www.city-magazin.at\/wp-content\/uploads\/2021\/08\/2021-09-Wahl-4.png?resize=66%2C66&amp;ssl=1 66w, https:\/\/i0.wp.com\/www.city-magazin.at\/wp-content\/uploads\/2021\/08\/2021-09-Wahl-4.png?resize=150%2C150&amp;ssl=1 150w, https:\/\/i0.wp.com\/www.city-magazin.at\/wp-content\/uploads\/2021\/08\/2021-09-Wahl-4.png?resize=200%2C200&amp;ssl=1 200w, https:\/\/i0.wp.com\/www.city-magazin.at\/wp-content\/uploads\/2021\/08\/2021-09-Wahl-4.png?resize=300%2C300&amp;ssl=1 300w, https:\/\/i0.wp.com\/www.city-magazin.at\/wp-content\/uploads\/2021\/08\/2021-09-Wahl-4.png?resize=400%2C400&amp;ssl=1 400w, https:\/\/i0.wp.com\/www.city-magazin.at\/wp-content\/uploads\/2021\/08\/2021-09-Wahl-4.png?fit=500%2C500&amp;ssl=1 500w\" sizes=\"auto, (max-width: 500px) 100vw, 500px\" \/><\/div><\/div><\/li><\/ul><div class=\"fusion-carousel-nav\"><span class=\"fusion-nav-prev\"><\/span><span class=\"fusion-nav-next\"><\/span><\/div><\/div><\/div><\/div><div class=\"fusion-text\"><p style=\"text-align: center;\">Fotos: \u00a9 O\u00d6VP, Andreas Balon, Land O\u00d6\/Stinglmayr, FP\u00d6, Max Mayrhofer, Maringer, T.Duschlbauer<\/p>\n<\/div><div class=\"fusion-flip-boxes flip-boxes row fusion-columns-1\"><div class=\"fusion-flip-box-wrapper fusion-column col-lg-12 col-md-12 col-sm-12\"><div class=\"fusion-flip-box\"><div class=\"flip-box-inner-wrapper\"><div class=\"flip-box-front\" style=\"background-color:#cc0000;border-color:rgba(0,0,0,0);border-radius:4px;border-style:solid;border-width:1px;color:#ffffff;\"><div class=\"flip-box-front-inner\"><h2 class=\"flip-box-heading\" style=\"color:#ffffff;\">JOBS Die Wirtschaft schafft Arbeitspl\u00e4tze. Wie kann man das Unternehmertum im Land f\u00f6rdern und gleichzeitig B\u00fcrokratie abbauen?<\/h2>. . .<\/div><\/div><div class=\"flip-box-back\" style=\"background-color:#ffcc33;border-color:rgba(0,0,0,0);border-radius:4px;border-style:solid;border-width:1px;color:#ffffff;\"><div class=\"flip-box-back-inner\"><h3 class=\"flip-box-heading-back\" style=\"color:#ffffff;\">JOBS<\/h3>\n<p><span style=\"color: #00ccff;\">Wirtschaft f\u00f6rdern hei\u00dft: Keine neuen Steuern und Belastungen und<\/span><br \/>\n<span style=\"color: #00ccff;\">weiterer Ausbau von Stra\u00dfe, Schiene und schnellem Internet. Ebenso<\/span><br \/>\n<span style=\"color: #00ccff;\">Investitionen in Digitalisierung, Forschung und Bildung, damit die<\/span><br \/>\n<span style=\"color: #00ccff;\">Unternehmen die so dringend notwendigen Fachkr\u00e4fte erhalten.<\/span><\/p>\n<p><span style=\"color: #0000ff;\">Wir brauchen eine deutliche Vereinfachung von Unternehmensgr\u00fcndungen,<\/span><br \/>\n<span style=\"color: #0000ff;\">steuerliche Entlastungen f\u00fcr den Mittelstand und ein<\/span><br \/>\n<span style=\"color: #0000ff;\">\u201ePatriotismusprinzip\u201c bei der Vergabe \u00f6ffentlicher Auftr\u00e4ge, damit<\/span><br \/>\n<span style=\"color: #0000ff;\">einheimische Unternehmen zuerst profitieren k\u00f6nnen.<\/span><\/p>\n<p><span style=\"color: #ff0000;\">Wir m\u00fcssen k\u00fcnftig st\u00e4rker auf \u201emade in O\u00d6\u201c setzen und die regionale<\/span><br \/>\n<span style=\"color: #ff0000;\">Wirtschaft gezielter unterst\u00fctzen. Den kleinen Buchladen<\/span><br \/>\n<span style=\"color: #ff0000;\">und die Floristin von nebenan, nicht die Online-Giganten &amp; Gro\u00dfkonzerne.<\/span><br \/>\n<span style=\"color: #ff0000;\">Zum Beispiel mit einem 1.000 Euro Konsum Gutschein.<\/span><\/p>\n<p><span style=\"color: #00ff00;\">Der Erfolg von morgen liegt im Klimaschutz, Wirtschaft und Industrie<\/span><br \/>\n<span style=\"color: #00ff00;\">haben das l\u00e4ngst verstanden. Die Politik hat diesen Wandel<\/span><br \/>\n<span style=\"color: #00ff00;\">viel st\u00e4rker und m\u00f6glichst h\u00fcrdenfrei zu unterst\u00fctzen. Von klaren<\/span><br \/>\n<span style=\"color: #00ff00;\">Rahmenbedingungen bis hin unkomplizierten F\u00f6rderma\u00dfnahmen.<\/span><\/p>\n<\/div><\/div><\/div><\/div><\/div><div class=\"fusion-flip-box-wrapper fusion-column col-lg-12 col-md-12 col-sm-12\"><div class=\"fusion-flip-box\"><div class=\"flip-box-inner-wrapper\"><div class=\"flip-box-front\" style=\"background-color:#cc0000;border-color:rgba(0,0,0,0);border-radius:4px;border-style:solid;border-width:1px;color:#ffffff;\"><div class=\"flip-box-front-inner\"><h2 class=\"flip-box-heading\" style=\"color:#ffffff;\">UMWELT Bodenversiegelung einschr\u00e4nken, Bienen sch\u00fctzen? Was kann die Landespolitik (noch) zum Umwelt- und Klimaschutz beitragen?<\/h2>. . .<\/div><\/div><div class=\"flip-box-back\" style=\"background-color:#ffcc33;border-color:rgba(0,0,0,0);border-radius:4px;border-style:solid;border-width:1px;color:#ffffff;\"><div class=\"flip-box-back-inner\"><h3 class=\"flip-box-heading-back\" style=\"color:#ffffff;\">UMWELT<\/h3>\n<p><span style=\"color: #00ccff;\">Wir setzen auf attraktive \u00f6ffentliche Verbindungen, auf das<\/span><br \/>\n<span style=\"color: #00ccff;\">neue g\u00fcnstige \u00d6ffi-Ticket und auf erneuerbare Energietr\u00e4ger.<\/span><br \/>\n<span style=\"color: #00ccff;\">Das ist Klimaschutz mit Hausverstand, Klimaschutz mit den<\/span><br \/>\n<span style=\"color: #00ccff;\">Menschen und nicht gegen die Menschen.<\/span><\/p>\n<p><span style=\"color: #0000ff;\">Wir haben in meiner Ressortverantwortung zahlreiche gro\u00dfe<\/span><br \/>\n<span style=\"color: #0000ff;\">Naturschutzprojekte wie \u201eNatura 2000\u201c umgesetzt und den<\/span><br \/>\n<span style=\"color: #0000ff;\">bundesweit h\u00f6chsten Anteil bei Sanierungen im Wohnbau<\/span><br \/>\n<span style=\"color: #0000ff;\">erreicht. Vom Weltklima zu reden ist einfach, ich handle<\/span><br \/>\n<span style=\"color: #0000ff;\">lieber konkret vor Ort.<\/span><\/p>\n<p><span style=\"color: #ff0000;\">Wir m\u00fcssen Klimaschutz und Arbeit gemeinsam denken.<\/span><br \/>\n<span style=\"color: #ff0000;\">Ich fordere einen Sondertopf f\u00fcr Klima &amp; Arbeit. Die Industrie<\/span><br \/>\n<span style=\"color: #ff0000;\">wird Produktionsprozesse \u00f6kologisieren m\u00fcssen, um die<\/span><br \/>\n<span style=\"color: #ff0000;\">Klimaziele zu erreichen. Dazu braucht es F\u00f6rderungen, um<\/span><br \/>\n<span style=\"color: #ff0000;\">Arbeitspl\u00e4tze in O\u00d6 zu sichern.<\/span><\/p>\n<p><span style=\"color: #00ff00;\">Unwetter und \u00dcberflutungen &#8211; Hitze und Trockenheit: Die Klimakrise<\/span><br \/>\n<span style=\"color: #00ff00;\">steht direkt vor unserer Haust\u00fcre. Noch k\u00f6nnen wir<\/span><br \/>\n<span style=\"color: #00ff00;\">sie stoppen. Notwendig sind strengere Gesetze, um Gr\u00fcnland<\/span><br \/>\n<span style=\"color: #00ff00;\">und B\u00f6den zu sch\u00fctzen. Es braucht mehr F\u00f6rderung f\u00fcr<\/span><br \/>\n<span style=\"color: #00ff00;\">saubere Energie und gr\u00fcne Technologie.<\/span><\/p>\n<\/div><\/div><\/div><\/div><\/div><div class=\"fusion-flip-box-wrapper fusion-column col-lg-12 col-md-12 col-sm-12\"><div class=\"fusion-flip-box\"><div class=\"flip-box-inner-wrapper\"><div class=\"flip-box-front\" style=\"background-color:#cc0000;border-color:rgba(0,0,0,0);border-radius:4px;border-style:solid;border-width:1px;color:#ffffff;\"><div class=\"flip-box-front-inner\"><h2 class=\"flip-box-heading\" style=\"color:#ffffff;\">ASYL Wie soll man k\u00fcnftig \u2013 auch angesichts der immer un\u00fcbersichtlicheren Weltlage \u2013 mit straff\u00e4lligen Asylwerbern umgehen?<\/h2>. . .<\/div><\/div><div class=\"flip-box-back\" style=\"background-color:#ffcc33;border-color:rgba(0,0,0,0);border-radius:4px;border-style:solid;border-width:1px;color:#ffffff;\"><div class=\"flip-box-back-inner\"><h3 class=\"flip-box-heading-back\" style=\"color:#ffffff;\">ASYL<\/h3>\n<p><span style=\"color: #00ccff;\">Wer seine Ideologie gegen Ober\u00f6sterreichs Werte und Gesellschaft<\/span><br \/>\n<span style=\"color: #00ccff;\">richtet, ist nicht willkommen. Daher m\u00fcssen straff\u00e4llige<\/span><br \/>\n<span style=\"color: #00ccff;\">Asylwerber umgehend abgeschoben werden oder bis zur<\/span><br \/>\n<span style=\"color: #00ccff;\">M\u00f6glichkeit der Abschiebung in Sicherungshaft landen.<\/span><\/p>\n<p><span style=\"color: #0000ff;\">Wir m\u00fcssen zuvorderst den Zustrom illegaler Migranten<\/span><br \/>\n<span style=\"color: #0000ff;\">komplett stoppen. Es kann nicht sein, dass wir Leute hier<\/span><br \/>\n<span style=\"color: #0000ff;\">aufnehmen, von denen wir nicht wissen, wie wir sie gegebenenfalls<\/span><br \/>\n<span style=\"color: #0000ff;\">auch wieder loswerden. Straft\u00e4ter m\u00fcssen wir<\/span><br \/>\n<span style=\"color: #0000ff;\">konsequent abschieben.<\/span><\/p>\n<p><span style=\"color: #ff0000;\">Wer straff\u00e4llig wird, hat in unserer Gesellschaft keinen<\/span><br \/>\n<span style=\"color: #ff0000;\">Platz. Die vielen MigrantInnen, die sich nichts zu Schulden<\/span><br \/>\n<span style=\"color: #ff0000;\">kommen lassen verdienen eine Chance, um sich hier etwas<\/span><br \/>\n<span style=\"color: #ff0000;\">aufbauen &amp; entfalten zu k\u00f6nnen. Dazu braucht es immer<\/span><br \/>\n<span style=\"color: #ff0000;\">Engagement von beiden Seiten.<\/span><\/p>\n<p><span style=\"color: #00ff00;\">Asyl als Menschenrecht verpflichtet uns, jene aufzunehmen,<\/span><br \/>\n<span style=\"color: #00ff00;\">deren Leben im Heimatland bedroht ist. Klar ist aber, dass<\/span><br \/>\n<span style=\"color: #00ff00;\">sich alle an geltende Gesetze zu halten haben. Wenn nicht,<\/span><br \/>\n<span style=\"color: #00ff00;\">haben die entsprechenden strafrechtlichen Konsequenzen zu<\/span><br \/>\n<span style=\"color: #00ff00;\">folgen \u2013 unabh\u00e4ngig von der Herkunft.<\/span><\/p>\n<\/div><\/div><\/div><\/div><\/div><div class=\"fusion-flip-box-wrapper fusion-column col-lg-12 col-md-12 col-sm-12\"><div class=\"fusion-flip-box\"><div class=\"flip-box-inner-wrapper\"><div class=\"flip-box-front\" style=\"background-color:#cc0000;border-color:rgba(0,0,0,0);border-radius:4px;border-style:solid;border-width:1px;color:#ffffff;\"><div class=\"flip-box-front-inner\"><h2 class=\"flip-box-heading\" style=\"color:#ffffff;\">TIERSCHUTZ Auf vielfachen Wunsch unserer Leser: Wer gibt Tieren k\u00fcnftig eine Stimme bzw. setzt sich f\u00fcr bessere Tierschutzgesetze ein?<\/h2>. . .<\/div><\/div><div class=\"flip-box-back\" style=\"background-color:#ffcc33;border-color:rgba(0,0,0,0);border-radius:4px;border-style:solid;border-width:1px;color:#ffffff;\"><div class=\"flip-box-back-inner\"><h3 class=\"flip-box-heading-back\" style=\"color:#ffffff;\">TIERSCHUTZ<\/h3>\n<p><span style=\"color: #00ccff;\">Verantwortung f\u00fcr die Sch\u00f6pfung und die auf der Erde lebenden<\/span><br \/>\n<span style=\"color: #00ccff;\">Gesch\u00f6pfe sind Grundpfeiler der christlichen Soziallehre<\/span><br \/>\n<span style=\"color: #00ccff;\">sowie damit auch Grundpfeiler innerhalb der O\u00d6VP. Wir stehen<\/span><br \/>\n<span style=\"color: #00ccff;\">f\u00fcr einen Tierschutz mit Verantwortung und Hausverstand.<\/span><\/p>\n<p><span style=\"color: #0000ff;\">Wir haben letztes Jahr als FP\u00d6 im Landtag eine Initiative<\/span><br \/>\n<span style=\"color: #0000ff;\">zur Strafversch\u00e4rfung bei Tierqu\u00e4lerei gestartet, dem sich<\/span><br \/>\n<span style=\"color: #0000ff;\">alle anderen Parteien in einer Resolution einstimmig angeschlossen<\/span><br \/>\n<span style=\"color: #0000ff;\">haben. Tierschutz ist seit jeher ein freiheitliches Anliegen.<\/span><\/p>\n<p><span style=\"color: #ff0000;\">SP-Landesr\u00e4tin Birgit Gerstorfer ist in ihrem Ressort f\u00fcr<\/span><br \/>\n<span style=\"color: #ff0000;\">Tierschutz zust\u00e4ndig und setzt sich f\u00fcr eine artgerechte<\/span><br \/>\n<span style=\"color: #ff0000;\">Haltung von Haus- und Nutztieren ein. Wichtig ist ihr auch<\/span><br \/>\n<span style=\"color: #ff0000;\">die Vermittlung des richtigen Umganges mit Tieren gegen\u00fcber<\/span><br \/>\n<span style=\"color: #ff0000;\">von Kindern und Jugendlichen.<\/span><\/p>\n<p><span style=\"color: #00ff00;\">Wir stehen klar f\u00fcr mehr Bio und Tierwohl. Massentierhaltung<\/span><br \/>\n<span style=\"color: #00ff00;\">und lange Tiertransporte sind abzustellen. Es braucht<\/span><br \/>\n<span style=\"color: #00ff00;\">strenge Kontrollen in St\u00e4llen und Schlachth\u00f6fen und einen<\/span><br \/>\n<span style=\"color: #00ff00;\">Ausbau der Bio- Landwirtschaft. Bedrohte Tierarten sind<\/span><br \/>\n<span style=\"color: #00ff00;\">streng zu sch\u00fctzen, Tierqu\u00e4lerei ist scharf zu ahnden.<\/span><\/p>\n<\/div><\/div><\/div><\/div><\/div><\/div><div class=\"fusion-clearfix\"><\/div><div class=\"fusion-clearfix\"><\/div>\n\n\t\t\t\t\t<\/div>\n\t\t\t\t<\/div><\/div><\/div>\n","protected":false},"excerpt":{"rendered":"<p>Bislang war es ein ruhiger Polit-Sommer. Dass im Land ob der Enns bald gew\u00e4hlt wird, davon war in den letzten Wochen kaum etwas zu sp\u00fcren.<\/p>\n","protected":false},"author":2,"featured_media":5025,"comment_status":"closed","ping_status":"closed","sticky":false,"template":"","format":"standard","meta":{"jetpack_post_was_ever_published":false,"_jetpack_newsletter_access":"","_jetpack_dont_email_post_to_subs":false,"_jetpack_newsletter_tier_id":0,"_jetpack_memberships_contains_paywalled_content":false,"_jetpack_memberships_contains_paid_content":false,"footnotes":"","jetpack_publicize_message":"","jetpack_publicize_feature_enabled":true,"jetpack_social_post_already_shared":true,"jetpack_social_options":{"image_generator_settings":{"template":"highway","default_image_id":0,"font":"","enabled":false},"version":2}},"categories":[1],"tags":[],"class_list":["post-5006","post","type-post","status-publish","format-standard","has-post-thumbnail","hentry","category-allgemein"],"jetpack_publicize_connections":[],"jetpack_featured_media_url":"https:\/\/i0.wp.com\/www.city-magazin.at\/wp-content\/uploads\/2021\/08\/2021-09-Wahl.png?fit=750%2C837&ssl=1","jetpack_shortlink":"https:\/\/wp.me\/p7QK0n-1iK","jetpack_sharing_enabled":true,"_links":{"self":[{"href":"https:\/\/www.city-magazin.at\/index.php\/wp-json\/wp\/v2\/posts\/5006","targetHints":{"allow":["GET"]}}],"collection":[{"href":"https:\/\/www.city-magazin.at\/index.php\/wp-json\/wp\/v2\/posts"}],"about":[{"href":"https:\/\/www.city-magazin.at\/index.php\/wp-json\/wp\/v2\/types\/post"}],"author":[{"embeddable":true,"href":"https:\/\/www.city-magazin.at\/index.php\/wp-json\/wp\/v2\/users\/2"}],"replies":[{"embeddable":true,"href":"https:\/\/www.city-magazin.at\/index.php\/wp-json\/wp\/v2\/comments?post=5006"}],"version-history":[{"count":15,"href":"https:\/\/www.city-magazin.at\/index.php\/wp-json\/wp\/v2\/posts\/5006\/revisions"}],"predecessor-version":[{"id":5026,"href":"https:\/\/www.city-magazin.at\/index.php\/wp-json\/wp\/v2\/posts\/5006\/revisions\/5026"}],"wp:featuredmedia":[{"embeddable":true,"href":"https:\/\/www.city-magazin.at\/index.php\/wp-json\/wp\/v2\/media\/5025"}],"wp:attachment":[{"href":"https:\/\/www.city-magazin.at\/index.php\/wp-json\/wp\/v2\/media?parent=5006"}],"wp:term":[{"taxonomy":"category","embeddable":true,"href":"https:\/\/www.city-magazin.at\/index.php\/wp-json\/wp\/v2\/categories?post=5006"},{"taxonomy":"post_tag","embeddable":true,"href":"https:\/\/www.city-magazin.at\/index.php\/wp-json\/wp\/v2\/tags?post=5006"}],"curies":[{"name":"wp","href":"https:\/\/api.w.org\/{rel}","templated":true}]}}