{"id":5213,"date":"2022-02-28T22:27:09","date_gmt":"2022-02-28T21:27:09","guid":{"rendered":"https:\/\/www.city-magazin.at\/?p=5213"},"modified":"2023-09-19T15:39:13","modified_gmt":"2023-09-19T13:39:13","slug":"kaffeetscherl-mit-modeschoepfer-gottfried-michael-birklbauer","status":"publish","type":"post","link":"https:\/\/www.city-magazin.at\/index.php\/kaffeetscherl-mit-modeschoepfer-gottfried-michael-birklbauer\/","title":{"rendered":"Kaffeetscherl mit Modesch\u00f6pfer Gottfried Michael Birklbauer"},"content":{"rendered":"<div class=\"fusion-fullwidth fullwidth-box nonhundred-percent-fullwidth non-hundred-percent-height-scrolling\"  style='background-color: rgba(255,255,255,0);background-position: center center;background-repeat: no-repeat;padding-top:20px;padding-right:0px;padding-bottom:20px;padding-left:0px;'><div class=\"fusion-builder-row fusion-row \"><div  class=\"fusion-layout-column fusion_builder_column fusion_builder_column_1_1  fusion-one-full fusion-column-first fusion-column-last 1_1\"  style='margin-top:0px;margin-bottom:20px;'>\n\t\t\t\t\t<div class=\"fusion-column-wrapper\" style=\"padding: 0px 0px 0px 0px;background-position:left top;background-repeat:no-repeat;-webkit-background-size:cover;-moz-background-size:cover;-o-background-size:cover;background-size:cover;\"  data-bg-url=\"\">\n\t\t\t\t\t\t<div class=\"fusion-title title fusion-sep-none fusion-title-size-one\" style=\"margin-top:0px;margin-bottom:31px;\"><h1 class=\"title-heading-left\"><h4>Der Linzer Gottfried Birklbauer begeistert auch die internationale Modewelt.<\/h4><\/h1><\/div><div class=\"fusion-text\"><p><span class=\"\">W<\/span><span class=\"\">enn ich sage, das ist der Gottfried, mit dem ich jetzt eine Tasse Kaffee trinke, dann denken sofort alle an Mode und an das mittlerweile 54-j\u00e4hrige Linzer Ausnahmetalent, das hinter gro\u00dfartigen Kreationen steckt<\/span>.<!--more--><\/p>\n<div class=\"\"><span class=\"\"><b class=\"\"><i class=\"\">Wie bist du \u00fcberhaupt zu diesem Namen gekommen?<\/i><\/b><\/span><\/div>\n<div class=\"\"><span class=\"\">Ich komme ja aus einer b\u00e4uerlichen Familie und habe eben den Nachnamen Birklbauer. Leute, die sich mit Marketing auskennen, haben damals gemeint, dass mein Vorname Gottfried f\u00fcr sich allein aber eben etwas Spezielles ausdr\u00fcckt. Dabei bin ich dann auch geblieben.<\/span><\/div>\n<div class=\"\"><span class=\"\"><b class=\"\"><i class=\"\">Du bist in Haibach im M\u00fchlviertel aufgewachsen. Wie war da der Konnex zur Mode? Wer hat dich dazu inspiriert?<\/i><\/b><\/span><\/div>\n<div class=\"\"><span class=\"\">Das war meine Mutter, die zum Beispiel f\u00fcr die Erstkommunion selbst Kleidung angefertigt hat. Ich habe von ihr viele Sachen bekommen. F\u00fcr mich war es schon als Kind faszinierend, was man alles aus einem St\u00fcck Stoff machen kann! Da war bald klar, dass ich in eine Modeschule gehen m\u00f6chte. Und ich habe dann die HBLA in der Prinz-Eugen-Stra\u00dfe besucht. Sp\u00e4ter ist die Schule \u00fcbersiedelt und den Abschluss machte ich bereits im Lentia.\u00a0<\/span><\/div>\n<div class=\"\"><span class=\"\"><b class=\"\"><i class=\"\">Du hast sp\u00e4ter auch quasi ein Lehr- und Wanderjahr im Ausland absolviert. Wo?<\/i><\/b><\/span><\/div>\n<div class=\"\"><span class=\"\">Ja, ich bin f\u00fcr ein Jahr nach Rom gegangen und habe dort f\u00fcr die Cinecitta gearbeitet und auch die Damenwelt der Ewigen Stadt eingekleidet. Rom hat schon etwas. Bereits mit der Jungschar war ich dort. Diese Stadt hat etwas Elegantes. Das hat Mailand sicherlich auch, aber dort geht es sehr stressig zu. In Rom hingegen fand ich genau den Lebensstil, den ich mit Italien verbinde.\u00a0<\/span><\/div>\n<div class=\"\"><span class=\"\"><b class=\"\"><i class=\"\">Dein erstes Atelier hast du bereits im zarten Alter von 22 Jahren er\u00f6ffnet. Wie war der Weg dorthin?<\/i><\/b><\/span><\/div>\n<div class=\"\"><span class=\"\">Nach der Meisterklasse habe ich ein Jahr lang auch ein Praktikum in einer Konfektionsfirma absolviert. Das lag mir aber nicht besonders. Ich wollte lieber mit eigenen Ideen zu den Kunden. In der Waltherstra\u00dfe habe ich dann zwei R\u00e4ume gehabt, wo ich leben und arbeiten konnte. Meine Familie hat mich beim Start auch unterst\u00fctzt. Sp\u00e4ter bin ich in die Herrenstra\u00dfe \u00fcbersiedelt und m\u00f6chte dort gerne noch 30 weitere Jahre arbeiten (lacht).<\/span><\/div>\n<div class=\"\"><span class=\"\"><b class=\"\"><i class=\"\">Du wohnst auch privat dort, aber du bist ja in der ganzen Welt zuhause. Wie hast du diese Bekanntheit erlangt?<\/i><\/b><\/span><\/div>\n<div class=\"\"><span class=\"\">Meine Leidenschaft ist die Mode und ich kann das Berufliche vom Privaten auch sonst schwer trennen. Internationale Bekanntheit hat mir eine Kampagne der Lenzing AG beschert, die als Faserhersteller mit dem bekannten Fotomodell Naomi Campbell gearbeitet hat. F\u00fcr das ober\u00f6sterreichische Unternehmen musste eben ein Linzer Modedesigner entwerfen \u2013 diese Entscheidung f\u00fcr mich war gleichzeitig auch eine Best\u00e4tigung f\u00fcr viele meiner Kundinnen, die sich gefreut haben. Nat\u00fcrlich war ich auch froh, dass ich nun in einer anderen Liga spielen konnte.<\/span><\/div>\n<div class=\"\"><span class=\"\"><b class=\"\"><i class=\"\">Wo f\u00fchrt dich diese Bekanntheit nun \u00fcberall hin?<\/i><\/b><\/span><\/div>\n<div class=\"\"><span class=\"\">Ich bin nat\u00fcrlich viel in Italien, wurde etwa auch schon in London zu den British Fashion Awards eingeladen und bin gerade eben zur\u00fcck von einem Fotoshooting in S\u00fcdafrika.<\/span><\/div>\n<div class=\"\"><span class=\"\"><b class=\"\"><i class=\"\">Was macht denn Mode von Gottfried aus?<\/i><\/b><\/span><\/div>\n<div class=\"\"><span class=\"\">Das habe ich mich selbstkritisch auch schon gefragt. Eine Kundin aus Hamburg hat unl\u00e4ngst zu mir gesagt, dass sie sich einfach etwas von Chanel kaufen k\u00f6nnte, aber sie es toll findet, dass ich mit Stoffen direkt zu ihr komme. Es ist wohl dieser direkte Kontakt zu den Kunden, die mich dann auch weiterempfehlen. Diese Marktl\u00fccke ist sicher ein Teil meines Erfolges.\u00a0<\/span><\/div>\n<div class=\"\"><span class=\"\"><b class=\"\"><i class=\"\">Du bist also viel unterwegs. Ist das nicht auch anstrengend?<\/i><\/b><\/span><\/div>\n<div class=\"\"><span class=\"\">Nein. Ich fahre n\u00e4mlich unheimlich gerne mit dem Auto. Da kann ich mich echt entspannen. Meine Ziele sind oft Monaco, St. Moritz, Rom und Mailand. Da kommen schon viele Kilometer zusammen, wenn man beispielsweise f\u00fcr die monegassische F\u00fcrstenfamilie oder f\u00fcr Francesca Habsburg arbeitet. Es ist nat\u00fcrlich ganz sch\u00f6n skurril, wenn man 1.000 Kilometer zur\u00fccklegt, nur um ein Kleid zu n\u00e4hen.\u00a0<\/span><\/div>\n<div class=\"\"><span class=\"\"><b class=\"\"><i class=\"\">Machst du auch Herrenmode oder nur Kreationen f\u00fcr die Damenwelt?<\/i><\/b><\/span><\/div>\n<div class=\"\"><span class=\"\">Ich produziere zu 99 Prozent f\u00fcr Damen, denn ich habe dort mehr kreative M\u00f6glichkeiten und es ist daher auch spannender.<\/span><\/div>\n<div class=\"\"><span class=\"\"><b class=\"\"><i class=\"\">In welchem Preissegment bewegen wir uns da?<\/i><\/b><\/span><\/div>\n<div class=\"\"><span class=\"\">Meine Kleider sind Einzelst\u00fccke und werden hier im Atelier gefertigt. Ab 1.000 Euro bekommt man wirklich etwas Sch\u00f6nes. Nach oben hin sind da kaum Grenzen gesetzt, weil nat\u00fcrlich auch der Materialpreis eine Rolle spielt und es eben sehr edle Stoffe gibt.<\/span><\/div>\n<div class=\"\"><span class=\"\"><b class=\"\"><i class=\"\">Woher kommen diese Stoffe?<\/i><\/b><\/span><\/div>\n<div class=\"\"><span class=\"\">Haupts\u00e4chlich aus Italien. Die Vertreter besuchen mich schon \u00fcber Jahre hinweg. Lodenstoffe kaufe ich in \u00d6sterreich. Besondere technische Materialen, die etwa knitterfrei sind, beziehe ich aus Japan.<\/span><\/div>\n<div class=\"\"><span class=\"\"><b class=\"\"><i class=\"\">Du sitzt jetzt im Traxlmayr und schlie\u00dft die Augen. Es bl\u00fchen die B\u00e4ume und du h\u00e4ttest gerne einen Stoff mit dem Bl\u00fctenmuster. Wie gehst du das jetzt genau an?<\/i><\/b><\/span><\/div>\n<div class=\"\"><span class=\"\">Ich rufe in Mailand an und frage meinen Stoffweber, ob er so ein Bl\u00fctenmuster hat. Meistens findet sich auch etwas. Vielleicht nicht genau in der Farbe, sondern etwa in Pastellt\u00f6nen. Aber es l\u00e4sst sich immer eine L\u00f6sung finden, weil ich \u00fcber die Jahrzehnte schon sehr gute Kontakte gesammelt habe.\u00a0<\/span><\/div>\n<div class=\"\"><span class=\"\"><b class=\"\"><i class=\"\">Du hast auch ein zeichnerisches Talent. Hilft dir das?<\/i><\/b><\/span><\/div>\n<div class=\"\"><span class=\"\">Ja, ich erinnere mich an eine Kundin, deren Lieblingsblume eine Kamelie war. An der Schulter sollte diese Blume stilisiert werden. Ich habe dazu Skizzen gefertigt und letztlich waren wir genau bei der Bl\u00fcte, die der Kundin gefallen hat. Und es gelang, diese Vision auch umzusetzen.<\/span><\/div>\n<div class=\"\"><span class=\"\"><b class=\"\"><i class=\"\">Muss man den Damen da auch etwas einreden oder vertrauen die dir zu 100 Prozent?<\/i><\/b><\/span><\/div>\n<div class=\"\"><span class=\"\">Das Spannende ist, dass ohnehin nur Damen zu mir kommen, zu denen ich einen Draht habe und die mir vertrauen. Ich ziehe die Kundinnen an, die ich dann auch anziehen kann. Zu mir kommen Menschen mit Sinn f\u00fcr \u00c4sthetik, die auch das Handwerkliche sch\u00e4tzen. Wer etwas Schrilles will, geht eher gleich gar nicht zu mir.\u00a0<\/span><\/div>\n<div class=\"\"><span class=\"\"><b class=\"\"><i class=\"\">Und wie funktioniert das gesellschaftliche Leben? Du bist ja sicher zu vielen festlichen Anl\u00e4ssen eingeladen?<\/i><\/b><\/span><\/div>\n<div class=\"\"><span class=\"\">Das geh\u00f6rt zu meinem Job. Und ja, es schmeichelt mir auch, wenn zum Beispiel auf einer Hochzeit eine Frau im Mittelpunkt steht, die durch meine Kreativit\u00e4t mit ihrem Kleid aus der Menge heraussticht. Ich habe die Menschen also gerne und umgebe mich auch sehr gerne mit ihnen. Aber ich bin kein Partytiger. Ich liebe es, am Rande zu stehen und zu beobachten. Ich war ja auch schon ganz grunds\u00e4tzlich kein Kind, das in der Welt der High Society gro\u00df geworden ist. Nat\u00fcrlich ist es interessant, sich mit sch\u00f6nen Frauen zu treffen, das gef\u00e4llt doch jedem Mann. Ich mag\u2018s aber auch sehr bodenst\u00e4ndig, gehe etwa gerne mit meinen Patenkindern Schwammerl suchen und genie\u00dfe Zuhause bei meinen Eltern \u00fcberbackene Speckkn\u00f6del. Mmmmh!<\/span><\/div>\n<div class=\"\"><span class=\"\"><b class=\"\"><i class=\"\">Wie ist das, wenn du nach Haibach kommst? Wie reagieren die Leute? Trauen sie sich, dich noch anzusprechen?<\/i><\/b><\/span><\/div>\n<div class=\"\"><span class=\"\">Selbstverst\u00e4ndlich, unbedingt, das will ich auch so! Egal wo und mit wem ich davor auch unterwegs war. Wenn ich am Wochenende im M\u00fchlviertel bin, dann rede ich ganz normal mit den Nachbarn und sie mit mir. Niemand behandelt mich quasi \u00fcber den Gartenzaun wie einen Star (lacht). \u00a0<\/span><\/div>\n<div class=\"\"><span class=\"\"><b class=\"\"><i class=\"\">Ein besonderes Erlebnis?<\/i><\/b><\/span><\/div>\n<div class=\"\"><span class=\"\">Ein Treffen in New York\u00a0 City mit Oscar-Preistr\u00e4gerin Meryl Streep! Ich war so aufgeregt, dass ich zuerst kein Wort herausbrachte und am liebsten gar nicht hingegangen w\u00e4re, obwohl ich mich gut vorbereitet habe. Ich traf sie in der Carnegie Hall und sie war so etwas von herzlich! Beim Ma\u00df nehmen hatte sie nicht so viel Zeit, weil sie meinte, dass ihr Sohn bald nach Hause k\u00e4me und sie noch etwas aus dem K\u00fchlschrank zaubern m\u00fcsste. Echt eine umwerfende Frau! Und auch sie hat ein Gottfried Original im Kasten. Das f\u00fchlt sich schon cool an!<\/span><\/div>\n<div class=\"\"><span class=\"\"><b class=\"\"><i class=\"\">Gab es auch schon einmal eine elegante Pleite, einen \u201eEinfahrer\u201c, wie man so sch\u00f6n sagt?<\/i><\/b><\/span><\/div>\n<div class=\"\"><span class=\"\">Ja, klar. Auch ich bin davor nicht gefeit. Etwa dachte ich bei einer Einladung von Aristokraten auf einem Landschloss, dass eine Lederhose die l\u00e4ndliche Atmosph\u00e4re gut treffen w\u00fcrde. Dort waren dann aber alle extrem elegant angezogen und ich habe mich aufgrund der Garderobe wirklich fehl am Platz gef\u00fchlt. Puh&#8230;<\/span><b class=\"\"><i class=\"\"><\/i><\/b><\/div>\n<div class=\"\">\n<div class=\"\"><span class=\"\"><b class=\"\"><i class=\"\">Wir sitzen hier im Traxlmayr und sehen die Menschen, die hier hereinkommen. Ist das f\u00fcr dich als Modesch\u00f6pfer nicht auch interessant?<\/i><\/b><\/span><\/div>\n<div class=\"\"><span class=\"\">Ich bin schon ein visueller Mensch und habe ein waches Auge. Ich schaue, wie geschickt Dinge miteinander kombiniert werden und wie sich Menschen in ihrer Kleidung bewegen. Das nehme ich schon wahr, wenn ich ihnen zugewandt bin.\u00a0<\/span><\/div>\n<div class=\"\"><span class=\"\"><b class=\"\"><i class=\"\">Du nimmt ja auch Kontakt mit den Menschen \u00fcber deinen Blog auf. Wie kommt das an?<\/i><\/b><\/span><\/div>\n<div class=\"\"><span class=\"\">Auf Instagram gibt es mittlerweile eine Community, die gerne schaut, was f\u00fcr Ideen ich habe oder wo ich mich gerade befinde. Ich habe auch schon erlebt, dass eine Kundin gesagt hat, dass sie ein bestimmtes Kleid auf Instagram von mir gesehen hat und sie es ebenfalls gerne \u2013 nur in einer anderen Farbe \u2013 h\u00e4tte.<\/span><\/div>\n<div class=\"\"><span class=\"\"><b class=\"\"><i class=\"\">Sind es nur Kleider, die du f\u00fcr die Damenwelt fertigst?<\/i><\/b><\/span><\/div>\n<div class=\"\"><span class=\"\">Ich entwerfe alles, was eine Frau braucht, auch beispielsweise einen Business Anzug. K\u00fcrzlich hatte ich auch eine Kundin, die einen Kaschmirmantel f\u00fcr ihren Hund anfertigen lie\u00df.<\/span><\/div>\n<div class=\"\"><span class=\"\"><b class=\"\"><i class=\"\">Du kennst das Weltgeschehen ja aus deinem Blickwinkel. Wie empfindest du die Situation gegenw\u00e4rtig?<\/i><\/b><\/span><\/div>\n<div class=\"\"><span class=\"\">Ich denke, es ist ein Gl\u00fcck in \u00d6sterreich geboren zu sein und hier leben zu d\u00fcrfen. Mir wurde das zuletzt in S\u00fcdafrika bewusst, wo es enorme Klassenunterschiede gibt. Als Beobachter zieht das einen auch runter und man engagiert sich f\u00fcr soziale Projekte \u2013 sicher auch, um das eigene Gewissen zu beruhigen. Und gerade zuletzt im Lockdown hat sich mir gezeigt, dass unser System auch funktioniert und ich von ihm in schwierigen Zeiten sogar etwas zur\u00fcckbekomme. Meine Kollegen in Italien mussten etwas Anderes erleben.<\/span><\/div>\n<div class=\"\"><span class=\"\"><b class=\"\"><i class=\"\">Ist dein Atelier in der Herrenstra\u00dfe f\u00fcr Interessierte offen?<\/i><\/b><\/span><\/div>\n<div class=\"\"><span class=\"\">Wenn gerade eine Kundin da ist, w\u00e4re es nicht so gut, weil diese private Atmosph\u00e4re nicht gest\u00f6rt werden soll. Ansonsten kann man nat\u00fcrlich gerne einen Termin vereinbaren.\u00a0<\/span><\/div>\n<div class=\"\"><span class=\"\"><b class=\"\"><i class=\"\">Mir f\u00e4llt auf, dass die St\u00f6ckelschuhe immer seltener werden. Ist das zu bedauern?<\/i><\/b><\/span><\/div>\n<div class=\"\"><span class=\"\">Es ist der heutigen Lebenssituation von Frauen geschuldet, die bequeme Schuhe wie Sneakers erforderlich machen. Sie haben viel um die Ohren und m\u00fcssen schnell und wendig sein. Das ist zu akzeptieren, auch wenn hochhackige Schuhe beispielsweise am Abend in einem Theater wirklich eine megam\u00e4\u00dfige Wirkung haben und eleganter wirken.<\/span><\/div>\n<\/div>\n<div class=\"\"><span class=\"\"><b class=\"\"><i class=\"\">Wie stellst du dir deine Zukunft vor?<\/i><\/b><\/span><\/div>\n<div class=\"\"><span class=\"\">Ich mache meinen Job erfolgreich und mit Leidenschaft.Meine Familie ist gesund und ich bekomme mit, wie meine Patenkinder sich entwickeln. Wenn das die n\u00e4chsten Jahrzehnte so bliebe, dann w\u00e4re ich schon der gl\u00fccklichste Mensch. <br class=\"\" aria-hidden=\"true\" \/><\/span><span class=\"\"><b class=\"\"><i class=\"\">Deine Botschaft an uns &#8230;<\/i><\/b><\/span><\/div>\n<div class=\"\"><span class=\"\">Ich empfinde es als ein Privileg, dass meine Eltern mein Talent erkannten und Lehrer es ebenfalls f\u00f6rderten, weshalb ich einen Beruf daraus machen konnte. Daf\u00fcr bin ich so unendlich dankbar! Ich darf das Leben der Menschen sch\u00f6ner machen und das betrachte ich als Geschenk. Deshalb appelliere ich an die Gesellschaft, nicht zu nivellieren, sondern sich auf die St\u00e4rken junger Menschen zu konzentrieren und diese zu f\u00f6rdern<\/span>.<\/div>\n<h6><\/h6>\n<p><span style=\"color: #ff0000;\">im Word<\/span><strong>Rap<\/strong><br \/>\nGeboren: 24.3.1968<br \/>\nSternzeichen: Widder<\/p>\n<p><span style=\"color: #ff0000;\">Ein guter Tag beginnt\u2026<\/span> mit Cappuccino und drei Honigbroten<br \/>\n<span style=\"color: #ff0000;\">Mode ist\u2026<\/span> mein Leben<br \/>\n<span style=\"color: #ff0000;\">Kleider machen\u2026<\/span> nat\u00fcrlich (!) Leute \ud83d\ude09<br \/>\n<span style=\"color: #ff0000;\">Der Preis eines Kleidungsst\u00fccks\u2026<\/span> sollte gerechtfertigt sein,<br \/>\nsodass man doch bitte nicht nur f\u00fcr das Label bezahlt<br \/>\n<span style=\"color: #ff0000;\">Von aktuellen Modetrends halte\u2026<\/span> ich nur bedingt etwas<br \/>\n<span style=\"color: #ff0000;\">Am kreativsten bin ich\u2026<\/span> bei extrem viel Stress und Druck<br \/>\n<span style=\"color: #ff0000;\">Promis sind\u2026 <\/span>immer wieder spannend<br \/>\n<span style=\"color: #ff0000;\">Erfolg ist\u2026<\/span> wenn man mit sich und dem Umfeld im Reinen ist<br \/>\n<span style=\"color: #ff0000;\">Bodenst\u00e4ndigkeit\u2026<\/span> ist gerade in meiner \u201eWelt\u201c sehr wichtig<br \/>\n<span style=\"color: #ff0000;\">Heimat ist\u2026<\/span> &#8211; trotz Liebe zu Linz \u2013 mein M\u00fchlviertel<br \/>\n<span style=\"color: #ff0000;\">Twinni gr\u00fcn oder orange\u2026<\/span> Gr\u00fcn<br \/>\n<span style=\"color: #ff0000;\">Geld bedeutet\u2026 <\/span>mir pers\u00f6nlich nicht sonderlich viel, es ist<br \/>\naber sch\u00f6n, wenn man es hat<br \/>\n<span style=\"color: #ff0000;\">Meine letzte gute Tat\u2026<\/span> war, als ich heute in der Fr\u00fch dem<br \/>\nObdachlosen am Eck ein Schinkensemmerl gekauft habe<br \/>\n<span style=\"color: #ff0000;\">Diesen Wunsch m\u00f6chte ich mir erf\u00fcllen\u2026<\/span> die Mittelmeerinsel<br \/>\nCapri noch mindestens einmal sehen<\/p>\n<\/div><div class=\"fusion-image-carousel fusion-image-carousel-auto fusion-carousel-border\"><div class=\"fusion-carousel\" data-autoplay=\"no\" data-columns=\"5\" data-itemmargin=\"13\" data-itemwidth=\"180\" data-touchscroll=\"no\" data-imagesize=\"auto\"><div class=\"fusion-carousel-positioner\"><ul class=\"fusion-carousel-holder\"><li class=\"fusion-carousel-item\"><div class=\"fusion-carousel-item-wrapper\"><div class=\"fusion-image-wrapper hover-type-none\"><img loading=\"lazy\" decoding=\"async\" width=\"700\" height=\"750\" src=\"https:\/\/i0.wp.com\/www.city-magazin.at\/wp-content\/uploads\/2022\/02\/2023-03-Modegott-2.png?fit=700%2C750&amp;ssl=1\" class=\"attachment-full size-full\" alt=\"GERADE NOCH IN S\u00dcDAFRIKA. Gottfried ist viel unterwegs \u2013 hier bei einem Shooting in Kapstadt. Mehr Fotos auf Instagram: gottfried_fashion\" srcset=\"https:\/\/i0.wp.com\/www.city-magazin.at\/wp-content\/uploads\/2022\/02\/2023-03-Modegott-2.png?resize=200%2C214&amp;ssl=1 200w, https:\/\/i0.wp.com\/www.city-magazin.at\/wp-content\/uploads\/2022\/02\/2023-03-Modegott-2.png?resize=280%2C300&amp;ssl=1 280w, https:\/\/i0.wp.com\/www.city-magazin.at\/wp-content\/uploads\/2022\/02\/2023-03-Modegott-2.png?resize=400%2C429&amp;ssl=1 400w, https:\/\/i0.wp.com\/www.city-magazin.at\/wp-content\/uploads\/2022\/02\/2023-03-Modegott-2.png?resize=600%2C643&amp;ssl=1 600w, https:\/\/i0.wp.com\/www.city-magazin.at\/wp-content\/uploads\/2022\/02\/2023-03-Modegott-2.png?fit=700%2C750&amp;ssl=1 700w\" sizes=\"auto, (max-width: 700px) 100vw, 700px\" \/><\/div><\/div><\/li><li class=\"fusion-carousel-item\"><div class=\"fusion-carousel-item-wrapper\"><div class=\"fusion-image-wrapper hover-type-none\"><img loading=\"lazy\" decoding=\"async\" width=\"700\" height=\"750\" src=\"https:\/\/i0.wp.com\/www.city-magazin.at\/wp-content\/uploads\/2022\/02\/2023-03-Modegott-3.png?fit=700%2C750&amp;ssl=1\" class=\"attachment-full size-full\" alt=\"GERADE NOCH IN S\u00dcDAFRIKA. Gottfried ist viel unterwegs \u2013 hier bei einem Shooting in Kapstadt. Mehr Fotos auf Instagram: gottfried_fashion\" srcset=\"https:\/\/i0.wp.com\/www.city-magazin.at\/wp-content\/uploads\/2022\/02\/2023-03-Modegott-3.png?resize=200%2C214&amp;ssl=1 200w, https:\/\/i0.wp.com\/www.city-magazin.at\/wp-content\/uploads\/2022\/02\/2023-03-Modegott-3.png?resize=280%2C300&amp;ssl=1 280w, https:\/\/i0.wp.com\/www.city-magazin.at\/wp-content\/uploads\/2022\/02\/2023-03-Modegott-3.png?resize=400%2C429&amp;ssl=1 400w, https:\/\/i0.wp.com\/www.city-magazin.at\/wp-content\/uploads\/2022\/02\/2023-03-Modegott-3.png?resize=600%2C643&amp;ssl=1 600w, https:\/\/i0.wp.com\/www.city-magazin.at\/wp-content\/uploads\/2022\/02\/2023-03-Modegott-3.png?fit=700%2C750&amp;ssl=1 700w\" sizes=\"auto, (max-width: 700px) 100vw, 700px\" \/><\/div><\/div><\/li><li class=\"fusion-carousel-item\"><div class=\"fusion-carousel-item-wrapper\"><div class=\"fusion-image-wrapper hover-type-none\"><img loading=\"lazy\" decoding=\"async\" width=\"700\" height=\"750\" src=\"https:\/\/i0.wp.com\/www.city-magazin.at\/wp-content\/uploads\/2022\/02\/2023-03-Modegott-4.png?fit=700%2C750&amp;ssl=1\" class=\"attachment-full size-full\" alt=\"GERADE NOCH IN S\u00dcDAFRIKA. Gottfried ist viel unterwegs \u2013 hier bei einem Shooting in Kapstadt. Mehr Fotos auf Instagram: gottfried_fashion\" srcset=\"https:\/\/i0.wp.com\/www.city-magazin.at\/wp-content\/uploads\/2022\/02\/2023-03-Modegott-4.png?resize=200%2C214&amp;ssl=1 200w, https:\/\/i0.wp.com\/www.city-magazin.at\/wp-content\/uploads\/2022\/02\/2023-03-Modegott-4.png?resize=280%2C300&amp;ssl=1 280w, https:\/\/i0.wp.com\/www.city-magazin.at\/wp-content\/uploads\/2022\/02\/2023-03-Modegott-4.png?resize=400%2C429&amp;ssl=1 400w, https:\/\/i0.wp.com\/www.city-magazin.at\/wp-content\/uploads\/2022\/02\/2023-03-Modegott-4.png?resize=600%2C643&amp;ssl=1 600w, https:\/\/i0.wp.com\/www.city-magazin.at\/wp-content\/uploads\/2022\/02\/2023-03-Modegott-4.png?fit=700%2C750&amp;ssl=1 700w\" sizes=\"auto, (max-width: 700px) 100vw, 700px\" \/><\/div><\/div><\/li><\/ul><div class=\"fusion-carousel-nav\"><span class=\"fusion-nav-prev\"><\/span><span class=\"fusion-nav-next\"><\/span><\/div><\/div><\/div><\/div><div class=\"fusion-text\"><p style=\"text-align: center;\">Fotos: \u00a9 Gottfried Birklbauer, Duschelbauer<\/p>\n<\/div><div class=\"fusion-clearfix\"><\/div>\n\n\t\t\t\t\t<\/div>\n\t\t\t\t<\/div><\/div><\/div>\n","protected":false},"excerpt":{"rendered":"<p>Wenn ich sage, das ist der Gottfried, mit dem ich jetzt eine Tasse Kaffee trinke, dann denken sofort alle an Mode und an das mittlerweile 54-j\u00e4hrige Linzer Ausnahmetalent, das hinter gro\u00dfartigen Kreationen steckt.<\/p>\n","protected":false},"author":2,"featured_media":5219,"comment_status":"closed","ping_status":"closed","sticky":false,"template":"","format":"standard","meta":{"jetpack_post_was_ever_published":false,"_jetpack_newsletter_access":"","_jetpack_dont_email_post_to_subs":false,"_jetpack_newsletter_tier_id":0,"_jetpack_memberships_contains_paywalled_content":false,"_jetpack_memberships_contains_paid_content":false,"footnotes":"","jetpack_publicize_message":"","jetpack_publicize_feature_enabled":true,"jetpack_social_post_already_shared":true,"jetpack_social_options":{"image_generator_settings":{"template":"highway","default_image_id":0,"font":"","enabled":false},"version":2}},"categories":[1,27],"tags":[],"class_list":["post-5213","post","type-post","status-publish","format-standard","has-post-thumbnail","hentry","category-allgemein","category-archiv"],"jetpack_publicize_connections":[],"jetpack_featured_media_url":"https:\/\/i0.wp.com\/www.city-magazin.at\/wp-content\/uploads\/2022\/02\/2023-03-Modegott-1.png?fit=1000%2C750&ssl=1","jetpack_shortlink":"https:\/\/wp.me\/p7QK0n-1m5","jetpack_sharing_enabled":true,"_links":{"self":[{"href":"https:\/\/www.city-magazin.at\/index.php\/wp-json\/wp\/v2\/posts\/5213","targetHints":{"allow":["GET"]}}],"collection":[{"href":"https:\/\/www.city-magazin.at\/index.php\/wp-json\/wp\/v2\/posts"}],"about":[{"href":"https:\/\/www.city-magazin.at\/index.php\/wp-json\/wp\/v2\/types\/post"}],"author":[{"embeddable":true,"href":"https:\/\/www.city-magazin.at\/index.php\/wp-json\/wp\/v2\/users\/2"}],"replies":[{"embeddable":true,"href":"https:\/\/www.city-magazin.at\/index.php\/wp-json\/wp\/v2\/comments?post=5213"}],"version-history":[{"count":5,"href":"https:\/\/www.city-magazin.at\/index.php\/wp-json\/wp\/v2\/posts\/5213\/revisions"}],"predecessor-version":[{"id":6041,"href":"https:\/\/www.city-magazin.at\/index.php\/wp-json\/wp\/v2\/posts\/5213\/revisions\/6041"}],"wp:featuredmedia":[{"embeddable":true,"href":"https:\/\/www.city-magazin.at\/index.php\/wp-json\/wp\/v2\/media\/5219"}],"wp:attachment":[{"href":"https:\/\/www.city-magazin.at\/index.php\/wp-json\/wp\/v2\/media?parent=5213"}],"wp:term":[{"taxonomy":"category","embeddable":true,"href":"https:\/\/www.city-magazin.at\/index.php\/wp-json\/wp\/v2\/categories?post=5213"},{"taxonomy":"post_tag","embeddable":true,"href":"https:\/\/www.city-magazin.at\/index.php\/wp-json\/wp\/v2\/tags?post=5213"}],"curies":[{"name":"wp","href":"https:\/\/api.w.org\/{rel}","templated":true}]}}