{"id":5566,"date":"2022-10-24T22:38:30","date_gmt":"2022-10-24T20:38:30","guid":{"rendered":"https:\/\/www.city-magazin.at\/?p=5566"},"modified":"2023-01-30T19:00:40","modified_gmt":"2023-01-30T18:00:40","slug":"leserreise-2022","status":"publish","type":"post","link":"https:\/\/www.city-magazin.at\/index.php\/leserreise-2022\/","title":{"rendered":"Leserreise 2022"},"content":{"rendered":"<div class=\"fusion-fullwidth fullwidth-box nonhundred-percent-fullwidth non-hundred-percent-height-scrolling\"  style='background-color: rgba(255,255,255,0);background-position: center center;background-repeat: no-repeat;padding-top:20px;padding-right:0px;padding-bottom:20px;padding-left:0px;'><div class=\"fusion-builder-row fusion-row \"><div  class=\"fusion-layout-column fusion_builder_column fusion_builder_column_1_1  fusion-one-full fusion-column-first fusion-column-last 1_1\"  style='margin-top:0px;margin-bottom:20px;'>\n\t\t\t\t\t<div class=\"fusion-column-wrapper\" style=\"padding: 0px 0px 0px 0px;background-position:left top;background-repeat:no-repeat;-webkit-background-size:cover;-moz-background-size:cover;-o-background-size:cover;background-size:cover;\"  data-bg-url=\"\">\n\t\t\t\t\t\t<div class=\"fusion-title title fusion-sep-none fusion-title-size-one\" style=\"margin-top:0px;margin-bottom:31px;\"><h1 class=\"title-heading-left\"><h1><span style=\"color: #e20714;\"><span class=\"x_ContentPasted0\">Tapetenwechsel<\/span> <\/span><span class=\"x_ContentPasted0\">zum Jahreswechsel<\/span><\/h1><\/h1><\/div><div class=\"fusion-title title fusion-sep-none fusion-title-size-one\" style=\"margin-top:0px;margin-bottom:31px;\"><h1 class=\"title-heading-left\"><h4>Probier&#8217;s mal mit Gem\u00fctlichkeit!<\/h4><\/h1><\/div><div class=\"fusion-text\"><p>Bald liegt ein aufregendes Jahr hinter uns. Grund genug, es stilvoll zu verabschieden und Kr\u00e4fte f\u00fcrs n\u00e4chste zu tanken.<!--more--><\/p>\n<div>\n<div><span class=\"x_ContentPasted0\">W<\/span><span class=\"x_ContentPasted0\">er angesichts von Corona bereits Entzugserscheinungen hinsichtlich einer rauschenden Silvesterparty hat, f\u00fcr den ist es nun h\u00f6chste Eisenbahn: Denn KUONI\u00a0<\/span><span class=\"x_ContentPasted0\">REISEN l\u00e4dt unsere Leser vom 29. Dezember bis 1. J\u00e4nner zu einer Silvesterreise im nostalgischen Salonwaggon an die kroatische Adria K\u00fcste nach Opatija. Die romantische Stadt mit ihrer eindrucksvollen K&amp;K-Architektur und einer wundersch\u00f6nen K\u00fcstenpromenade vermittelt auch das perfekte Flair f\u00fcr Erholungssuchende. Die bequeme Zugreise wird von<span class=\"x_Apple-converted-space x_ContentPasted0\">\u00a0<\/span><\/span><i class=\"x_ContentPasted0\">CITY!<\/i><span class=\"x_ContentPasted0\">-Redakteur und Radiolegende Walter Witzany humorvoll und voller Vorfreude begleitet.<\/span><\/div>\n<div class=\"x_ContentPasted0\">Glanzvoll<b class=\"x_ContentPasted0\">.<span class=\"x_Apple-converted-space x_ContentPasted0\">\u00a0<\/span><\/b>Unsere Leser werden bei dieser Reise\u00a0<span class=\"x_Apple-converted-space x_ContentPasted0\">\u00a0<\/span>in Linz, Wels und Steyr abgeholt und mit dem Bus zum Bahnhof nach Bruck an der Mur gebracht. Von dort geht es mit dem historischen Sonderzug in Richtung Kroatien \u2013 ganz wie zu Kaiser\u2018s Zeiten, stilvoll im<span class=\"x_Apple-converted-space x_ContentPasted0\">\u00a0<\/span><span class=\"x_ContentPasted0\">Salonwaggon<\/span>.<\/div>\n<div><span class=\"x_ContentPasted0\">Es sich gut gehen lassen<\/span><b class=\"x_ContentPasted0\">.<span class=\"x_Apple-converted-space x_ContentPasted0\">\u00a0<\/span><\/b><span class=\"x_ContentPasted0\">Opatija bietet nicht nur w\u00e4hrend der Weihnachtszeit und zu Silvester ein ganz besonderes Flair. Die Stadt ist auch der Ausgangspunkt f\u00fcr Exkursionen, die z.B. in die europ\u00e4ische Kulturhauptstadt 2020 nach Rijeka oder zu einem Tr\u00fcffelbauern\u00a0<span class=\"x_Apple-converted-space x_ContentPasted0\">\u00a0<\/span>f\u00fchren. Dort verkosten Mitreisende auch regionale Delikatessen. Am Silvesterabend\u00a0<span class=\"x_Apple-converted-space x_ContentPasted0\">\u00a0<\/span>wird dann auch noch Jazz Gitti mit ihrer Band auftreten. Die R\u00fcckreise erfolgt nach einem Neujahrsprogramm wieder im Salonwaggon.<\/span><\/div>\n<\/div>\n<p><span style=\"color: #ff0000;\"><b class=\"x_ContentPasted0\">DIE LESER-REISE IM \u00dcBERBLICK<\/b><\/span><\/p>\n<div>\n<div><span class=\"x_ContentPasted0\">Reisen Sie sicher und bequem in der Gruppe. Kuoni-Angebot:\u00a0<\/span><\/div>\n<div><span class=\"x_ContentPasted0\">\u2022 3x \u00dcN\/Fr\u00fchst\u00fcck und 2x Abendessen im 4* Hotel Icici <\/span><\/div>\n<div><span class=\"x_ContentPasted0\">\u2022 inklusive Silvestergala-Men\u00fc &amp; Getr\u00e4nkepaket am 31.12.<\/span><\/div>\n<div><span class=\"x_ContentPasted0\">\u2022 Silvestershow mit Jazz Gitti<\/span><\/div>\n<div><span class=\"x_ContentPasted0\">\u2022 An- und Abreise im Salonwaggon mit Bus-Zubringerdienst<\/span><\/div>\n<div><span class=\"x_ContentPasted0\">\u2022 Besuch beim Tr\u00fcffelbauern, im Schifffahrtsmuseum etc.<\/span><\/div>\n<\/div>\n<div>\n<div><\/div>\n<div><span class=\"x_ContentPasted0\"><b class=\"x_ContentPasted0\">Preis:<\/b><span class=\"x_Apple-converted-space x_ContentPasted0\">\u00a0<\/span>999 Euro p. P.<span class=\"x_Apple-converted-space x_ContentPasted0\">\u00a0<\/span><br class=\"x_ContentPasted0\" aria-hidden=\"true\" \/><\/span><\/div>\n<div><span class=\"x_ContentPasted0\">Einbettzimmerzuschlag 169.-<span class=\"x_Apple-converted-space x_ContentPasted0\">\u00a0<\/span><br class=\"x_ContentPasted0\" aria-hidden=\"true\" \/><b class=\"x_ContentPasted0\"><\/b><\/span><\/div>\n<div><\/div>\n<div><span class=\"x_ContentPasted0\"><b class=\"x_ContentPasted0\">Info-Telefon:<\/b><span class=\"x_Apple-converted-space x_ContentPasted0\">\u00a0<\/span>07242-66841-0\u00a0<span class=\"x_Apple-converted-space x_ContentPasted0\">\u00a0<\/span><\/span><\/div>\n<div><span class=\"x_ContentPasted0\">Weitere Infos im Internet: <b class=\"x_ContentPasted0\">www.kuoni.at\/city-magazin<\/b><\/span><\/div>\n<\/div>\n<\/div><div class=\"fusion-image-carousel fusion-image-carousel-auto fusion-carousel-border\"><div class=\"fusion-carousel\" data-autoplay=\"yes\" data-columns=\"5\" data-itemmargin=\"13\" data-itemwidth=\"180\" data-touchscroll=\"no\" data-imagesize=\"auto\"><div class=\"fusion-carousel-positioner\"><ul class=\"fusion-carousel-holder\"><li class=\"fusion-carousel-item\"><div class=\"fusion-carousel-item-wrapper\"><div class=\"fusion-image-wrapper hover-type-none\"><img loading=\"lazy\" decoding=\"async\" width=\"1000\" height=\"700\" src=\"https:\/\/i0.wp.com\/www.city-magazin.at\/wp-content\/uploads\/2022\/10\/2022-11-Silvester-2.png?fit=1000%2C700&amp;ssl=1\" class=\"attachment-full size-full\" alt=\"OPATIJA ALS PERLE DER ADRIA.\" srcset=\"https:\/\/i0.wp.com\/www.city-magazin.at\/wp-content\/uploads\/2022\/10\/2022-11-Silvester-2.png?resize=200%2C140&amp;ssl=1 200w, https:\/\/i0.wp.com\/www.city-magazin.at\/wp-content\/uploads\/2022\/10\/2022-11-Silvester-2.png?resize=300%2C210&amp;ssl=1 300w, https:\/\/i0.wp.com\/www.city-magazin.at\/wp-content\/uploads\/2022\/10\/2022-11-Silvester-2.png?resize=400%2C280&amp;ssl=1 400w, https:\/\/i0.wp.com\/www.city-magazin.at\/wp-content\/uploads\/2022\/10\/2022-11-Silvester-2.png?resize=600%2C420&amp;ssl=1 600w, https:\/\/i0.wp.com\/www.city-magazin.at\/wp-content\/uploads\/2022\/10\/2022-11-Silvester-2.png?resize=768%2C538&amp;ssl=1 768w, https:\/\/i0.wp.com\/www.city-magazin.at\/wp-content\/uploads\/2022\/10\/2022-11-Silvester-2.png?resize=800%2C560&amp;ssl=1 800w, https:\/\/i0.wp.com\/www.city-magazin.at\/wp-content\/uploads\/2022\/10\/2022-11-Silvester-2.png?fit=1000%2C700&amp;ssl=1 1000w\" sizes=\"auto, (max-width: 1000px) 100vw, 1000px\" \/><\/div><\/div><\/li><li class=\"fusion-carousel-item\"><div class=\"fusion-carousel-item-wrapper\"><div class=\"fusion-image-wrapper hover-type-none\"><img loading=\"lazy\" decoding=\"async\" width=\"1000\" height=\"700\" src=\"https:\/\/i0.wp.com\/www.city-magazin.at\/wp-content\/uploads\/2022\/10\/2022-11-Silvester-3.png?fit=1000%2C700&amp;ssl=1\" class=\"attachment-full size-full\" alt=\"OPATIJA ALS PERLE DER ADRIA.\" srcset=\"https:\/\/i0.wp.com\/www.city-magazin.at\/wp-content\/uploads\/2022\/10\/2022-11-Silvester-3.png?resize=200%2C140&amp;ssl=1 200w, https:\/\/i0.wp.com\/www.city-magazin.at\/wp-content\/uploads\/2022\/10\/2022-11-Silvester-3.png?resize=300%2C210&amp;ssl=1 300w, https:\/\/i0.wp.com\/www.city-magazin.at\/wp-content\/uploads\/2022\/10\/2022-11-Silvester-3.png?resize=400%2C280&amp;ssl=1 400w, https:\/\/i0.wp.com\/www.city-magazin.at\/wp-content\/uploads\/2022\/10\/2022-11-Silvester-3.png?resize=600%2C420&amp;ssl=1 600w, https:\/\/i0.wp.com\/www.city-magazin.at\/wp-content\/uploads\/2022\/10\/2022-11-Silvester-3.png?resize=768%2C538&amp;ssl=1 768w, https:\/\/i0.wp.com\/www.city-magazin.at\/wp-content\/uploads\/2022\/10\/2022-11-Silvester-3.png?resize=800%2C560&amp;ssl=1 800w, https:\/\/i0.wp.com\/www.city-magazin.at\/wp-content\/uploads\/2022\/10\/2022-11-Silvester-3.png?fit=1000%2C700&amp;ssl=1 1000w\" sizes=\"auto, (max-width: 1000px) 100vw, 1000px\" \/><\/div><\/div><\/li><li class=\"fusion-carousel-item\"><div class=\"fusion-carousel-item-wrapper\"><div class=\"fusion-image-wrapper hover-type-none\"><img loading=\"lazy\" decoding=\"async\" width=\"490\" height=\"700\" src=\"https:\/\/i0.wp.com\/www.city-magazin.at\/wp-content\/uploads\/2022\/10\/2022-11-Silvester-4.png?fit=490%2C700&amp;ssl=1\" class=\"attachment-full size-full\" alt=\"WALTER WITZANY. Fr\u00fcher war der Moderator auch selbst Reisef\u00fchrer - jetzt ist er Reisebegleiter f\u00fcr unsere CITY!-Leser.\" srcset=\"https:\/\/i0.wp.com\/www.city-magazin.at\/wp-content\/uploads\/2022\/10\/2022-11-Silvester-4.png?resize=200%2C286&amp;ssl=1 200w, https:\/\/i0.wp.com\/www.city-magazin.at\/wp-content\/uploads\/2022\/10\/2022-11-Silvester-4.png?resize=210%2C300&amp;ssl=1 210w, https:\/\/i0.wp.com\/www.city-magazin.at\/wp-content\/uploads\/2022\/10\/2022-11-Silvester-4.png?resize=400%2C571&amp;ssl=1 400w, https:\/\/i0.wp.com\/www.city-magazin.at\/wp-content\/uploads\/2022\/10\/2022-11-Silvester-4.png?fit=490%2C700&amp;ssl=1 490w\" sizes=\"auto, (max-width: 490px) 100vw, 490px\" \/><\/div><\/div><\/li><li class=\"fusion-carousel-item\"><div class=\"fusion-carousel-item-wrapper\"><div class=\"fusion-image-wrapper hover-type-none\"><img loading=\"lazy\" decoding=\"async\" width=\"1000\" height=\"700\" src=\"https:\/\/i0.wp.com\/www.city-magazin.at\/wp-content\/uploads\/2022\/10\/2022-11-Silvester-5.png?fit=1000%2C700&amp;ssl=1\" class=\"attachment-full size-full\" alt=\"GUTE AUSSICHTEN F\u00dcR 2023. Im exklusiven 4*-Hotel findet die Abendgala zum Jahresausklang statt.\" srcset=\"https:\/\/i0.wp.com\/www.city-magazin.at\/wp-content\/uploads\/2022\/10\/2022-11-Silvester-5.png?resize=200%2C140&amp;ssl=1 200w, https:\/\/i0.wp.com\/www.city-magazin.at\/wp-content\/uploads\/2022\/10\/2022-11-Silvester-5.png?resize=300%2C210&amp;ssl=1 300w, https:\/\/i0.wp.com\/www.city-magazin.at\/wp-content\/uploads\/2022\/10\/2022-11-Silvester-5.png?resize=400%2C280&amp;ssl=1 400w, https:\/\/i0.wp.com\/www.city-magazin.at\/wp-content\/uploads\/2022\/10\/2022-11-Silvester-5.png?resize=600%2C420&amp;ssl=1 600w, https:\/\/i0.wp.com\/www.city-magazin.at\/wp-content\/uploads\/2022\/10\/2022-11-Silvester-5.png?resize=768%2C538&amp;ssl=1 768w, https:\/\/i0.wp.com\/www.city-magazin.at\/wp-content\/uploads\/2022\/10\/2022-11-Silvester-5.png?resize=800%2C560&amp;ssl=1 800w, https:\/\/i0.wp.com\/www.city-magazin.at\/wp-content\/uploads\/2022\/10\/2022-11-Silvester-5.png?fit=1000%2C700&amp;ssl=1 1000w\" sizes=\"auto, (max-width: 1000px) 100vw, 1000px\" \/><\/div><\/div><\/li><\/ul><div class=\"fusion-carousel-nav\"><span class=\"fusion-nav-prev\"><\/span><span class=\"fusion-nav-next\"><\/span><\/div><\/div><\/div><\/div><div class=\"fusion-text\"><p style=\"text-align: center;\">Fotos: \u00a9 David Katouly, KUONI<\/p>\n<\/div><div class=\"fusion-clearfix\"><\/div>\n\n\t\t\t\t\t<\/div>\n\t\t\t\t<\/div><\/div><\/div>\n","protected":false},"excerpt":{"rendered":"<p>Bald liegt ein aufregendes Jahr hinter uns. Grund genug, es stilvoll zu verabschieden und Kr\u00e4fte f\u00fcrs n\u00e4chste zu tanken.<\/p>\n","protected":false},"author":2,"featured_media":5569,"comment_status":"closed","ping_status":"closed","sticky":false,"template":"","format":"standard","meta":{"jetpack_post_was_ever_published":false,"_jetpack_newsletter_access":"","_jetpack_dont_email_post_to_subs":false,"_jetpack_newsletter_tier_id":0,"_jetpack_memberships_contains_paywalled_content":false,"_jetpack_memberships_contains_paid_content":false,"footnotes":"","jetpack_publicize_message":"","jetpack_publicize_feature_enabled":true,"jetpack_social_post_already_shared":true,"jetpack_social_options":{"image_generator_settings":{"template":"highway","default_image_id":0,"font":"","enabled":false},"version":2}},"categories":[1],"tags":[],"class_list":["post-5566","post","type-post","status-publish","format-standard","has-post-thumbnail","hentry","category-allgemein"],"jetpack_publicize_connections":[],"jetpack_featured_media_url":"https:\/\/i0.wp.com\/www.city-magazin.at\/wp-content\/uploads\/2022\/10\/2022-11-Silvester-1.png?fit=1000%2C750&ssl=1","jetpack_shortlink":"https:\/\/wp.me\/p7QK0n-1rM","jetpack_sharing_enabled":true,"_links":{"self":[{"href":"https:\/\/www.city-magazin.at\/index.php\/wp-json\/wp\/v2\/posts\/5566","targetHints":{"allow":["GET"]}}],"collection":[{"href":"https:\/\/www.city-magazin.at\/index.php\/wp-json\/wp\/v2\/posts"}],"about":[{"href":"https:\/\/www.city-magazin.at\/index.php\/wp-json\/wp\/v2\/types\/post"}],"author":[{"embeddable":true,"href":"https:\/\/www.city-magazin.at\/index.php\/wp-json\/wp\/v2\/users\/2"}],"replies":[{"embeddable":true,"href":"https:\/\/www.city-magazin.at\/index.php\/wp-json\/wp\/v2\/comments?post=5566"}],"version-history":[{"count":5,"href":"https:\/\/www.city-magazin.at\/index.php\/wp-json\/wp\/v2\/posts\/5566\/revisions"}],"predecessor-version":[{"id":5655,"href":"https:\/\/www.city-magazin.at\/index.php\/wp-json\/wp\/v2\/posts\/5566\/revisions\/5655"}],"wp:featuredmedia":[{"embeddable":true,"href":"https:\/\/www.city-magazin.at\/index.php\/wp-json\/wp\/v2\/media\/5569"}],"wp:attachment":[{"href":"https:\/\/www.city-magazin.at\/index.php\/wp-json\/wp\/v2\/media?parent=5566"}],"wp:term":[{"taxonomy":"category","embeddable":true,"href":"https:\/\/www.city-magazin.at\/index.php\/wp-json\/wp\/v2\/categories?post=5566"},{"taxonomy":"post_tag","embeddable":true,"href":"https:\/\/www.city-magazin.at\/index.php\/wp-json\/wp\/v2\/tags?post=5566"}],"curies":[{"name":"wp","href":"https:\/\/api.w.org\/{rel}","templated":true}]}}