{"id":6067,"date":"2023-10-01T20:50:24","date_gmt":"2023-10-01T18:50:24","guid":{"rendered":"https:\/\/www.city-magazin.at\/?p=6067"},"modified":"2024-06-02T18:44:24","modified_gmt":"2024-06-02T16:44:24","slug":"versteckte-schaetze-die-idyllischen-innenhoefe-von-steyr","status":"publish","type":"post","link":"https:\/\/www.city-magazin.at\/index.php\/versteckte-schaetze-die-idyllischen-innenhoefe-von-steyr\/","title":{"rendered":"Versteckte Sch\u00e4tze: Die Idyllischen Innenh\u00f6fe von Steyr"},"content":{"rendered":"<div class=\"fusion-fullwidth fullwidth-box nonhundred-percent-fullwidth non-hundred-percent-height-scrolling\"  style='background-color: rgba(255,255,255,0);background-position: center center;background-repeat: no-repeat;padding-top:20px;padding-right:0px;padding-bottom:20px;padding-left:0px;'><div class=\"fusion-builder-row fusion-row \"><div  class=\"fusion-layout-column fusion_builder_column fusion_builder_column_1_1  fusion-one-full fusion-column-first fusion-column-last 1_1\"  style='margin-top:0px;margin-bottom:20px;'>\n\t\t\t\t\t<div class=\"fusion-column-wrapper\" style=\"padding: 0px 0px 0px 0px;background-position:left top;background-repeat:no-repeat;-webkit-background-size:cover;-moz-background-size:cover;-o-background-size:cover;background-size:cover;\"  data-bg-url=\"\">\n\t\t\t\t\t\t<div class=\"fusion-title title fusion-sep-none fusion-title-size-one\" style=\"margin-top:0px;margin-bottom:31px;\"><h1 class=\"title-heading-left\"><h4>In der Eisenstadt gibt es idyllische Innenh\u00f6fe zum Entdecken und Verweilen.<\/h4><\/h1><\/div><div class=\"fusion-text\"><p><span class=\"\">S<\/span><span class=\"\">teyrs malerischer Stadtplatz ist weithin bekannt. Es lohnt sich aber auch, die hinter den m\u00e4rchenhaft sch\u00f6nen Fassaden versteckten H\u00f6fe kennenzulernen<\/span>.<!--more--><\/p>\n<div class=\"\">\n<div class=\"\"><strong><span class=\"\">Reichtum<\/span><span class=\"\">.<\/span><\/strong><span class=\"\"> Aber warum verf\u00fcgt die Stadt \u00fcber so viele bezaubernde Arkadenh\u00f6fe? Schon im Sp\u00e4tmittelalter avancierte Steyr zu einer der bedeutendsten St\u00e4dte \u00d6sterreichs. Durch den Handel mit Eisen vom steirischen Erzberg und die Erzeugung von Messern und Sensen etc. brachten es seine B\u00fcrger zu Wohlstand. Damals kam es manchmal aber auch zu Brandkatastrophen. Wenn die Eigent\u00fcmer ihre zerst\u00f6rten Domizile neu errichten mussten, nutzten sie oft die Gelegenheit, zwei kleinere H\u00e4user zu einem gr\u00f6\u00dferen umzubauen. In der Mitte entstand dabei ein Innenhof, der als Lichtquelle diente. Dereinst gab es n\u00e4mlich au\u00dfer Kerzen keine Beleuchtung. Wenn die Sonne nicht schien, waren die R\u00e4ume d\u00fcster. Die Renaissanceh\u00f6fe waren auch ruhige R\u00fcckzugsorte abseits des l\u00e4rmenden Betriebs auf den Stra\u00dfen und Pl\u00e4tzen.<\/span><\/div>\n<div class=\"\"><strong><span class=\"\">Rundgang<\/span><span class=\"\">.<\/span><\/strong><span class=\"\"> Die folgend beschriebenen Innenh\u00f6fe sind \u00f6ffentlich zug\u00e4nglich. Sie befinden sich am Stadtplatz oder am anschlie\u00dfenden Gr\u00fcnmarkt. Das <\/span><span class=\"\"><i class=\"\">City!<\/i><\/span><span class=\"\">-Magazin hat sie pers\u00f6nlich zusammen mit dem Stadtf\u00fchrer Wolfgang Hack besucht:<\/span><\/div>\n<div><\/div>\n<table style=\"height: 999px;\" width=\"1112\">\n<tbody>\n<tr>\n<td width=\"132\"><strong>Stadtplatz 17.<\/strong><\/td>\n<td width=\"453\">Im engen Arkadengang genie\u00dfen wir im Caf\u00e9 \u201eFrau Franzi\u201c Kaffee, Mehlspeisen sowie Imbisse und bewundern dabei Fresken aus dem Jahr 1571.<\/td>\n<\/tr>\n<tr>\n<td width=\"132\"><strong>Stadtplatz 27.<\/strong><\/td>\n<td width=\"453\">Der Neubau wurde 1778 fertiggestellt. Der Hof des Rathauses mit einem zweigeschossigen Arkadengang ist auf der Schmalseite w\u00e4hrend der \u00d6ffnungszeiten des Magistrats zug\u00e4nglich.<strong>\u00a0<\/strong><\/td>\n<\/tr>\n<tr>\n<td width=\"132\"><strong>Stadtplatz 29.<\/strong><\/td>\n<td width=\"453\">Innen entdecken wir im Stadtschreiberhaus einen zweigeschossigen Arkadenhof aus der Renaissancezeit.<\/td>\n<\/tr>\n<tr>\n<td width=\"132\"><strong>Stadtplatz 39.<\/strong><\/td>\n<td width=\"453\">Der Innenhof des ehemaligen Hotels Steyrerhof aus dem 17. Jahrhundert pr\u00e4sentiert Arkaden an zwei Seiten.<\/td>\n<\/tr>\n<tr>\n<td width=\"132\"><strong>Stadtplatz 39.<\/strong><\/td>\n<td width=\"453\">Der zweigeschossige Renaissance-Arkadenhof ist bemerkenswert. 1809 wurde hier Ferdinand Redtenbacher, der Begr\u00fcnder des wissenschaftlichen Maschinenbaus, geboren.<\/td>\n<\/tr>\n<tr>\n<td width=\"132\"><strong>Gr\u00fcnmarkt 14.<\/strong><\/td>\n<td width=\"453\">Der Hof des alten Gerichtshauses pr\u00e4sentiert sich sehr schlicht, bietet aber einen lohnenden Blick auf den gotischen Turm der Stadtpfarrkirche.<strong>\u00a0<\/strong><\/td>\n<\/tr>\n<tr>\n<td width=\"132\"><strong>Stadtplatz 36.<\/strong><\/td>\n<td width=\"453\">Der viergeschossige Turm am Hinterhaus des Gasthofs Mader pr\u00e4sentiert aufw\u00e4ndige Sgraffiti-Ornamentik, eine besondere Art des Fassadendekors, aus der Zeit um 1600.<strong>\u00a0<\/strong><\/td>\n<\/tr>\n<tr>\n<td width=\"132\"><strong>Stadtplatz 34.<\/strong><\/td>\n<td width=\"453\">Die Wandpartien zwischen den Geschossen des Arkadenganges beim Stalzer Haus zeigen ein attraktives Dekor aus Diamantenquadern. In diesem Haus hat Franz Schubert oft verweilt.<strong>\u00a0<\/strong><\/td>\n<\/tr>\n<tr>\n<td width=\"132\"><strong>Stadtplatz 9.<\/strong><\/td>\n<td width=\"453\">Den Rundgang beenden wir im Meditzhaus bzw. heute dem Caf\u00e9 Rahofer mit einem Besuch eines der gem\u00fctlichsten Renaissance-Innenh\u00f6fe in Steyr. Kaffee, Kuchen und wundersch\u00f6ne Arkaden \u2013 ein Hochgenuss!<\/td>\n<\/tr>\n<\/tbody>\n<\/table>\n<\/div>\n<div class=\"\">\n<p><span class=\"\">\u00a0<\/span><\/p>\n<\/div>\n<div class=\"\"><span class=\"\"><strong><span style=\"color: #ff0000;\">Erleben Sie die Hof-Tour in Steyr<\/span> <\/strong><\/span><\/div>\n<div class=\"\"><span class=\"\"><strong>Die H\u00f6hepunkte dieser Entdeckungsreise:<\/strong> S\u00e4mtliche der beschriebenen Innenh\u00f6fe k\u00f6nnen besichtigt werden. Der bekannte Dunkl-Hof (Kirchengasse 16) ist leider bauf\u00e4llig und manchmal nicht zug\u00e4nglich. Es gibt zudem die M\u00f6glichkeit eines gef\u00fchrten Rundgangs: Fremdenf\u00fchrer Wolfgang Hack kennt wohl jeden Stein und jeden Baum in Steyr. Einige B\u00fccher \u00fcber die Eisenstadt stammen aus seiner Feder. Seine Familie ist seit 600 Jahren hier ans\u00e4ssig. Die zweist\u00fcndige F\u00fchrung ist sehr lohnend. Verschiedene Themen stehen am Programm, wie zum Beispiel die Innenh\u00f6fe. <\/span><\/div>\n<div><\/div>\n<div class=\"\"><span class=\"\"><em>Kosten:<\/em> 130 Euro pro Gruppe (unabh\u00e4ngig von der Gr\u00f6\u00dfe) <\/span><\/div>\n<div class=\"\"><span class=\"\"><em>Kontakt:<\/em> 0676-91 65 165 oder <a class=\"\" href=\"mailto:office@steyr-touristik.at\" data-linkindex=\"0\">office@steyr-touristik.at<\/a> <\/span><\/div>\n<div class=\"\"><span class=\"\"><em>Gruppenf\u00fchrungen:<\/em> Einzelpersonen k\u00f6nnen sich den Erlebnisf\u00fchrungen und Stadt-Spazierg\u00e4ngen des Tourismusverbandes anschlie\u00dfen. Tourismusverband Steyr, 07252-53 229 0 oder <a class=\"\" href=\"mailto:info@steyr.info\" data-linkindex=\"1\">info@steyr.info<\/a><\/span><\/div>\n<div class=\"\">\n<div class=\"\"><\/div>\n<\/div>\n<\/div><div class=\"fusion-text\"><p style=\"text-align: center;\">Fotos: \u00a9 Sokoloff<\/p>\n<\/div><div class=\"fusion-clearfix\"><\/div>\n\n\t\t\t\t\t<\/div>\n\t\t\t\t<\/div><\/div><\/div>\n","protected":false},"excerpt":{"rendered":"<p>Steyrs malerischer Stadtplatz ist weithin bekannt. Es lohnt sich aber auch, die hinter den m\u00e4rchenhaft sch\u00f6nen Fassaden versteckten H\u00f6fe kennenzulernen.<\/p>\n","protected":false},"author":2,"featured_media":6076,"comment_status":"closed","ping_status":"closed","sticky":false,"template":"","format":"standard","meta":{"jetpack_post_was_ever_published":false,"_jetpack_newsletter_access":"","_jetpack_dont_email_post_to_subs":false,"_jetpack_newsletter_tier_id":0,"_jetpack_memberships_contains_paywalled_content":false,"_jetpack_memberships_contains_paid_content":false,"footnotes":"","jetpack_publicize_message":"","jetpack_publicize_feature_enabled":true,"jetpack_social_post_already_shared":true,"jetpack_social_options":{"image_generator_settings":{"template":"highway","default_image_id":0,"font":"","enabled":false},"version":2}},"categories":[27,17],"tags":[],"class_list":["post-6067","post","type-post","status-publish","format-standard","has-post-thumbnail","hentry","category-archiv","category-stadt"],"jetpack_publicize_connections":[],"jetpack_featured_media_url":"https:\/\/i0.wp.com\/www.city-magazin.at\/wp-content\/uploads\/2023\/10\/2023-10-Stadt-Steyr-1.png?fit=2259%2C700&ssl=1","jetpack_shortlink":"https:\/\/wp.me\/p7QK0n-1zR","jetpack_sharing_enabled":true,"_links":{"self":[{"href":"https:\/\/www.city-magazin.at\/index.php\/wp-json\/wp\/v2\/posts\/6067","targetHints":{"allow":["GET"]}}],"collection":[{"href":"https:\/\/www.city-magazin.at\/index.php\/wp-json\/wp\/v2\/posts"}],"about":[{"href":"https:\/\/www.city-magazin.at\/index.php\/wp-json\/wp\/v2\/types\/post"}],"author":[{"embeddable":true,"href":"https:\/\/www.city-magazin.at\/index.php\/wp-json\/wp\/v2\/users\/2"}],"replies":[{"embeddable":true,"href":"https:\/\/www.city-magazin.at\/index.php\/wp-json\/wp\/v2\/comments?post=6067"}],"version-history":[{"count":10,"href":"https:\/\/www.city-magazin.at\/index.php\/wp-json\/wp\/v2\/posts\/6067\/revisions"}],"predecessor-version":[{"id":6122,"href":"https:\/\/www.city-magazin.at\/index.php\/wp-json\/wp\/v2\/posts\/6067\/revisions\/6122"}],"wp:featuredmedia":[{"embeddable":true,"href":"https:\/\/www.city-magazin.at\/index.php\/wp-json\/wp\/v2\/media\/6076"}],"wp:attachment":[{"href":"https:\/\/www.city-magazin.at\/index.php\/wp-json\/wp\/v2\/media?parent=6067"}],"wp:term":[{"taxonomy":"category","embeddable":true,"href":"https:\/\/www.city-magazin.at\/index.php\/wp-json\/wp\/v2\/categories?post=6067"},{"taxonomy":"post_tag","embeddable":true,"href":"https:\/\/www.city-magazin.at\/index.php\/wp-json\/wp\/v2\/tags?post=6067"}],"curies":[{"name":"wp","href":"https:\/\/api.w.org\/{rel}","templated":true}]}}