{"id":6704,"date":"2024-12-02T22:00:43","date_gmt":"2024-12-02T21:00:43","guid":{"rendered":"https:\/\/www.city-magazin.at\/?p=6704"},"modified":"2025-03-03T21:27:51","modified_gmt":"2025-03-03T20:27:51","slug":"steyrer-christkindl","status":"publish","type":"post","link":"https:\/\/www.city-magazin.at\/index.php\/steyrer-christkindl\/","title":{"rendered":"Steyrer Christkindl"},"content":{"rendered":"<div class=\"fusion-fullwidth fullwidth-box nonhundred-percent-fullwidth non-hundred-percent-height-scrolling\"  style='background-color: rgba(255,255,255,0);background-position: center center;background-repeat: no-repeat;padding-top:20px;padding-right:0px;padding-bottom:20px;padding-left:0px;'><div class=\"fusion-builder-row fusion-row \"><div  class=\"fusion-layout-column fusion_builder_column fusion_builder_column_1_1  fusion-one-full fusion-column-first fusion-column-last 1_1\"  style='margin-top:0px;margin-bottom:20px;'>\n\t\t\t\t\t<div class=\"fusion-column-wrapper\" style=\"padding: 0px 0px 0px 0px;background-position:left top;background-repeat:no-repeat;-webkit-background-size:cover;-moz-background-size:cover;-o-background-size:cover;background-size:cover;\"  data-bg-url=\"\">\n\t\t\t\t\t\t<div class=\"fusion-title title fusion-sep-none fusion-title-size-one\" style=\"margin-top:0px;margin-bottom:31px;\"><h1 class=\"title-heading-left\"><h1><span style=\"color: #e20714;\"><span style=\"color: #000000;\">Eine sch\u00f6ne<\/span> <span data-olk-copy-source=\"MessageBody\">Bescherung<\/span>\u00a0<\/span><\/h1><\/h1><\/div><div class=\"fusion-title title fusion-sep-none fusion-title-size-one\" style=\"margin-top:0px;margin-bottom:31px;\"><h1 class=\"title-heading-left\"><h4><span data-olk-copy-source=\"MessageBody\">Laura M\u00fcller ist ein Steyrer Christkindl \u2013 und das auch mehr als verdient. <\/span><\/h4><\/h1><\/div><div class=\"fusion-text\"><p>Das <span class=\"\"><i class=\"\">City!<\/i><\/span> Magazin bringt in diesem Jahr eine besondere \u00dcberraschung und schickt das Steyrer Christkindl mit dieser Geschichte zu Ihnen, liebe Leser, nach Hause.<!--more--><\/p>\n<p>Laura, die das Christkindl bereits zum vierten Mal verk\u00f6rpert, plaudert hier bei mir aus dem N\u00e4hk\u00e4stchen.<\/p>\n<p><strong><em>Walter Witzany: Du bist ja nicht zum ersten Mal das Christkind. Wie bist Du dazu gekommen?<\/em><\/strong><\/p>\n<p><strong>Christkind:<\/strong> Alle Jahre wieder gibt es ein Casting. Man muss mindestens 16 Jahre alt, 1,65 Meter gro\u00df sein und blonde Locken haben \u2013 entweder nat\u00fcrlich oder dann mit einer Per\u00fccke. Am Ende wird entschieden, wem die Rolle am besten passt und wer am \u00fcberzeugendsten im aufw\u00e4ndig gestalteten Christkindl-Kleid aussieht (zwinkert).<\/p>\n<p><strong><em>Ja, was ist das genau, was Du als Christkind tr\u00e4gst?<\/em><\/strong><\/p>\n<p>Ich habe als Christkind immer dasselbe an, wobei die Kleidung\u00a0 aus dem H\u00e4ubchen, der Bluse, dem Spencer, Reifunterr\u00f6cken und dem weitschwingenden und reichbestickten \u00dcberrock besteht. Mit dem Umhang wiegt das Kost\u00fcm dann etwa 11 Kilo.<\/p>\n<p><strong><em>Jetzt bin ich schwer beeindruckt. Wann beginnt f\u00fcr Dich eigentlich die Adventzeit?\u00a0<\/em><\/strong><\/p>\n<p>Offiziell am 22. November. Dann bin ich immer freitags, samstags und sonntags in Steyr unterwegs. Wir machen eine Runde durch die Stadt, die etwa drei Stunden dauert \u2013 bei jedem Wetter.<\/p>\n<p><strong><em>Was macht Dir dabei am meisten Freude?<\/em><\/strong><\/p>\n<p>Die ber\u00fchrenden Begegnungen mit den Kindern, aber auch mit den Erwachsenen. Es ist sch\u00f6n, die Menschen aus ihrem Alltag zu holen und ein L\u00e4cheln auf ihre Gesichter zu zaubern.<\/p>\n<p><strong><em>Gibt es f\u00fcr Dich auch besondere Auftritte, die Du absolvierst?<\/em><\/strong><\/p>\n<p>Ja, sicher. Etwa solche, wie dieses Interview. Im letzten Jahr war ich zum Beispiel aber auch im Fernsehen bei Caf\u00e9 Puls und Guten Morgen \u00d6sterreich. Am 29. November er\u00f6ffnen wir dann das Postamt, wo Kinder ihre Wunschzettel ans Christkind schreiben k\u00f6nnen. Diese bekommen auch vom Christkind eine pers\u00f6nliche Antwort.<\/p>\n<p><strong><em>Gab es f\u00fcr Dich als Christkind auch ein besonders ber\u00fchrendes Erlebnis, das Du mit Kindern hattest?<\/em><\/strong><\/p>\n<p>An eines kann ich mich noch gut erinnern. Das war in Plauen, das ist seit 1970 eine Partnerstadt von Steyr. Ich wurde dorthin zum Adventmarkt eingeladen. Ein Kind hat mich angesprochen und gefragt, ob ich denn die Oma wieder zur\u00fcckbringen k\u00f6nnte. Das hat mich sehr bewegt, weil ich diesen Herzenswunsch nat\u00fcrlich nicht erf\u00fcllen konnte. Ich habe dem Kind aber gesagt, dass immer dann, wenn es an seine Oma denkt, diese auch zumindest in Gedanken verbunden ist. Und ich habe versprochen, dass ich der verstorbenen Gro\u00dfmutter bei einem Zusammentreffen einen sch\u00f6nen Gru\u00df ausrichten werde.<\/p>\n<p><strong><em>Ich sehe, Du hast sehr viele Verpflichtungen. Wie umfangreich ist so eine Adventwoche f\u00fcr ein Steyrer Christkind?<\/em><\/strong><\/p>\n<p>Ich sch\u00e4tze, dass ich etwa 30 Stunden daf\u00fcr arbeite.<\/p>\n<p><strong><em>Machst Du das aus Freude oder wegen des Honorars?<\/em><\/strong><\/p>\n<p>Ich muss zugeben, ich wusste am Anfang gar nicht, dass man daf\u00fcr bezahlt wird. Ich mache es aus Freude, weil es ein Br\u00fcckenschlag zu einer unbeschwerten Kindheit ist. Ich selbst habe immer einen Wunschzettel geschrieben und meine Oma hat ihn ans Christkind weitergeleitet. Wir haben gemeinsam viele Weihnachtsvorbereitungen getroffen und etwa Kekserl gebacken. Das war eine magische Zeit. Auf dem Fensterbrett ist auch immer eine goldene Locke gelegen \u2013 so begann mein Interesse am Christkind.<\/p>\n<p><strong><em>Ist sonst noch jemand aus deiner Familie in den Adventbetrieb eingebunden?\u00a0<\/em><\/strong><\/p>\n<p>Nein, ich bin die Erste. Aber meine Halbschwester ist elf Jahre alt und zeigt schon gro\u00dfes Interesse (lacht).<\/p>\n<p><strong><em>Wie siehst Du f\u00fcr Dich pers\u00f6nlich die Rolle des Christkinds &#8211; noch dazu in einer Zeit, in der die Menschen ja mit vielen Krisen konfrontiert sind?<\/em><\/strong><\/p>\n<p>Ich finde es besonders sch\u00f6n, als Christkind den Menschen eine Auszeit vom Alltag zu schenken. Gerade in der stressigen Vorweihnachtszeit sind die strahlenden Gesichter am Adventmarkt ein gro\u00dfes Geschenk. Und dann gibt es ja nicht nur die Kinder, sondern auch beispielsweise alte Menschen in Pflegeheimen, die sich \u00fcber den Kontakt zu mir freuen. Eine betagte Dame hat zu mir einmal gesagt, dass sie ganz aufgeregt ist, doch noch einmal das Christkind treffen zu k\u00f6nnen. Mir werden auch viele traurige Geschichten erz\u00e4hlt, etwa dass der Ehepartner verstorben ist. Ich kann den Menschen Trost schenken und etwas Positives bewirken. Das ist eine Rolle, die ich sehr gerne ausf\u00fclle.<\/p>\n<p><strong><em>Wie reagieren ausl\u00e4ndische Touristen auf Dich?<\/em><\/strong><\/p>\n<p>Sehr unterschiedlich. Viele kennen\u00a0 das Christkind ja nicht und denken, ich sei eine Prinzessin. Manche glauben auch, das Christkind sei wei\u00df, aber in Steyr ist es traditionell gr\u00fcn.<\/p>\n<p><strong><em>Erkennen Dich Menschen, wenn du nicht als Christkind und <\/em>\u201e<em>zivil<\/em>\u201d<em> unterwegs bist?<\/em><\/strong><\/p>\n<p>Selten. Denn mit der blonden Lockenper\u00fccke sehe ich \u2013 zugegeben \u2013 ganz anders aus.<\/p>\n<p><strong><em>Wie sieht denn Dein Weihnachtsbaum zu Hause aus?<\/em><\/strong><\/p>\n<p>Der Baum ist gro\u00df und reich geschm\u00fcckt. Jedes Jahr kommt eine Kugel dazu.<\/p>\n<p><strong><em>Und singt das Christkind auch zu Weihnachten selbst?<\/em><\/strong><\/p>\n<p>Nein, das traut sich bei uns niemand \u2013 wir sind keine gro\u00dfen S\u00e4nger. Wir h\u00f6ren die Weihnachtslieder im Radio.<\/p>\n<p><strong><em>Und was w\u00fcnscht sich das Christkind zu Weihnachten?<\/em><\/strong><\/p>\n<p>Ich habe keinen gro\u00dfen pers\u00f6nlichen Wunsch. Ich w\u00fcnsche mir, dass jeder zu Weihnachten einen sch\u00f6nen Tag hat und eine gute Zeit mit seinen Liebsten verbringen kann.<\/p>\n<p><strong><em>Und sind die Geschenke schon besorgt?<\/em><\/strong><\/p>\n<p>Nicht ganz (lacht). Auch das Christkind ist nicht perfekt.<\/p>\n<p><strong><em>Pl\u00e4ne f\u00fcr die Zukunft?<\/em><\/strong><\/p>\n<p>Ich arbeite in einer Ordination und in der Forschung mit dem Schwerpunkt der regenerativen Medizin. Nach dem Master m\u00f6chte ich den Doktor machen und \u00c4rztin werden.<\/p>\n<p><strong><em>Wow, ich bin beeindruckt. Gibt es denn in Deinem Leben auch einen Weihnachtsmann?<\/em><\/strong><\/p>\n<p>Noch nicht (lacht). Aber wenn es nette Bewerber gibt, bin ich offen. Briefe \u2013 wie immer \u2013 an das Christkind richten! Manche W\u00fcnsche werden ja tats\u00e4chlich wahr.<\/p>\n<p><strong><span style=\"color: #ff0000;\">HINTERGRUND<\/span><\/strong><\/p>\n<div id=\"UniqueMessageBody_60\" class=\"XbIp4 Vi1QO GNqVo allowTextSelection OuGoX\" tabindex=\"0\" aria-label=\"Nachrichtentext\">\n<div>\n<div class=\"rps_694d\">\n<div class=\"\">\n<div class=\"\">\n<div><strong>Zur Geschichte. <\/strong>Seit 2007 gibt es in der Christkindlstadt Steyr ein personifiziertes Christkindl, das man auch f\u00fcr Events buchen kann. Das aufw\u00e4ndige Kost\u00fcm wurde von der Trachtenschneiderin Waltraud Musenbichler gefertigt. Es besteht aus gr\u00fcnem Samt, T\u00fcll und Leinen, Borten und Pailletten und ist mit 2.500 handaufgestickten Swarovski-Kristallen verziert. Die Farben Gr\u00fcn, Wei\u00df und Silber orientieren sich an der Steyrer Festtracht und dem Verk\u00fcndigungsengel der Sammlung Lamberg. Das Steyrer Christkindl kn\u00fcpft auch freundschaftliche Bande mit Partnerst\u00e4dten. Und an Adventwochenenden spaziert es durch die romantische Steyrer Altstadt und liest M\u00e4rchen f\u00fcr Kinder am Christkindlmarkt.<\/div>\n<div class=\"\"><span class=\"\" data-olk-copy-source=\"MessageBody\">Mehr Infos: <a class=\"\" title=\"Durch Outlook gesch\u00fctzt: http:\/\/www.christkindlregion.com\/. Klicken oder tippen Sie, um dem Link zu folgen.\" href=\"https:\/\/emea01.safelinks.protection.outlook.com\/?url=http%3A%2F%2Fwww.christkindlregion.com%2F&amp;data=05%7C02%7C%7C00b172d208624154d66008dd0fbf1c48%7C84df9e7fe9f640afb435aaaaaaaaaaaa%7C1%7C0%7C638684035669837670%7CUnknown%7CTWFpbGZsb3d8eyJFbXB0eU1hcGkiOnRydWUsIlYiOiIwLjAuMDAwMCIsIlAiOiJXaW4zMiIsIkFOIjoiTWFpbCIsIldUIjoyfQ%3D%3D%7C0%7C%7C%7C&amp;sdata=%2Bb7cy%2FCwhNImq6S%2BdCMd2ow7GEV3j7tVPfMA6f0p7Us%3D&amp;reserved=0\" target=\"_blank\" rel=\"noopener noreferrer\" data-auth=\"Verified\" data-linkindex=\"0\">www.christkindlregion.com<\/a><\/span><\/div>\n<div><\/div>\n<div class=\"\"><span class=\"\"><b class=\"\">\u00dcbrigens:<\/b> Das Postamt Christkindl im gleichnamigen Stadtteil von Steyr hinter der Wallfahrtskirche startete heuer in die 75. Saison. Seit 1950 werden hier weihnachtliche Briefe und Karten aus aller Welt mit einem Sonderstempel versehen und weitergeschickt.<\/span><\/div>\n<\/div>\n<\/div>\n<\/div>\n<\/div>\n<\/div>\n<\/div><div class=\"fusion-image-carousel fusion-image-carousel-auto fusion-carousel-border\"><div class=\"fusion-carousel\" data-autoplay=\"no\" data-columns=\"5\" data-itemmargin=\"13\" data-itemwidth=\"180\" data-touchscroll=\"no\" data-imagesize=\"auto\"><div class=\"fusion-carousel-positioner\"><ul class=\"fusion-carousel-holder\"><li class=\"fusion-carousel-item\"><div class=\"fusion-carousel-item-wrapper\"><div class=\"fusion-image-wrapper hover-type-none\"><img loading=\"lazy\" decoding=\"async\" width=\"750\" height=\"500\" src=\"https:\/\/i0.wp.com\/www.city-magazin.at\/wp-content\/uploads\/2024\/12\/2024-12-Christkind-2.png?fit=750%2C500&amp;ssl=1\" class=\"attachment-full size-full\" alt=\"\" srcset=\"https:\/\/i0.wp.com\/www.city-magazin.at\/wp-content\/uploads\/2024\/12\/2024-12-Christkind-2.png?resize=200%2C133&amp;ssl=1 200w, https:\/\/i0.wp.com\/www.city-magazin.at\/wp-content\/uploads\/2024\/12\/2024-12-Christkind-2.png?resize=300%2C200&amp;ssl=1 300w, https:\/\/i0.wp.com\/www.city-magazin.at\/wp-content\/uploads\/2024\/12\/2024-12-Christkind-2.png?resize=400%2C267&amp;ssl=1 400w, https:\/\/i0.wp.com\/www.city-magazin.at\/wp-content\/uploads\/2024\/12\/2024-12-Christkind-2.png?resize=600%2C400&amp;ssl=1 600w, https:\/\/i0.wp.com\/www.city-magazin.at\/wp-content\/uploads\/2024\/12\/2024-12-Christkind-2.png?fit=750%2C500&amp;ssl=1 750w\" sizes=\"auto, (max-width: 750px) 100vw, 750px\" \/><\/div><\/div><\/li><li class=\"fusion-carousel-item\"><div class=\"fusion-carousel-item-wrapper\"><div class=\"fusion-image-wrapper hover-type-none\"><img loading=\"lazy\" decoding=\"async\" width=\"750\" height=\"500\" src=\"https:\/\/i0.wp.com\/www.city-magazin.at\/wp-content\/uploads\/2024\/12\/2024-12-Christkind-3.png?fit=750%2C500&amp;ssl=1\" class=\"attachment-full size-full\" alt=\"\" srcset=\"https:\/\/i0.wp.com\/www.city-magazin.at\/wp-content\/uploads\/2024\/12\/2024-12-Christkind-3.png?resize=200%2C133&amp;ssl=1 200w, https:\/\/i0.wp.com\/www.city-magazin.at\/wp-content\/uploads\/2024\/12\/2024-12-Christkind-3.png?resize=300%2C200&amp;ssl=1 300w, https:\/\/i0.wp.com\/www.city-magazin.at\/wp-content\/uploads\/2024\/12\/2024-12-Christkind-3.png?resize=400%2C267&amp;ssl=1 400w, https:\/\/i0.wp.com\/www.city-magazin.at\/wp-content\/uploads\/2024\/12\/2024-12-Christkind-3.png?resize=600%2C400&amp;ssl=1 600w, https:\/\/i0.wp.com\/www.city-magazin.at\/wp-content\/uploads\/2024\/12\/2024-12-Christkind-3.png?fit=750%2C500&amp;ssl=1 750w\" sizes=\"auto, (max-width: 750px) 100vw, 750px\" \/><\/div><\/div><\/li><li class=\"fusion-carousel-item\"><div class=\"fusion-carousel-item-wrapper\"><div class=\"fusion-image-wrapper hover-type-none\"><img loading=\"lazy\" decoding=\"async\" width=\"500\" height=\"667\" src=\"https:\/\/i0.wp.com\/www.city-magazin.at\/wp-content\/uploads\/2024\/12\/2024-12-Christkind-4.png?fit=500%2C667&amp;ssl=1\" class=\"attachment-full size-full\" alt=\"\" srcset=\"https:\/\/i0.wp.com\/www.city-magazin.at\/wp-content\/uploads\/2024\/12\/2024-12-Christkind-4.png?resize=200%2C267&amp;ssl=1 200w, https:\/\/i0.wp.com\/www.city-magazin.at\/wp-content\/uploads\/2024\/12\/2024-12-Christkind-4.png?resize=225%2C300&amp;ssl=1 225w, https:\/\/i0.wp.com\/www.city-magazin.at\/wp-content\/uploads\/2024\/12\/2024-12-Christkind-4.png?resize=400%2C534&amp;ssl=1 400w, https:\/\/i0.wp.com\/www.city-magazin.at\/wp-content\/uploads\/2024\/12\/2024-12-Christkind-4.png?fit=500%2C667&amp;ssl=1 500w\" sizes=\"auto, (max-width: 500px) 100vw, 500px\" \/><\/div><\/div><\/li><\/ul><div class=\"fusion-carousel-nav\"><span class=\"fusion-nav-prev\"><\/span><span class=\"fusion-nav-next\"><\/span><\/div><\/div><\/div><\/div><div class=\"fusion-text\"><p style=\"text-align: center;\">Fotos: \u00a9 Manfred Binder<\/p>\n<\/div><div class=\"fusion-clearfix\"><\/div>\n\n\t\t\t\t\t<\/div>\n\t\t\t\t<\/div><\/div><\/div>\n","protected":false},"excerpt":{"rendered":"<p>Das City! Magazin bringt in diesem Jahr eine besondere \u00dcberraschung und schickt das Steyrer Christkindl mit dieser Geschichte zu Ihnen, liebe Leser, nach Hause.<\/p>\n","protected":false},"author":2,"featured_media":6712,"comment_status":"closed","ping_status":"closed","sticky":false,"template":"","format":"standard","meta":{"jetpack_post_was_ever_published":false,"_jetpack_newsletter_access":"","_jetpack_dont_email_post_to_subs":false,"_jetpack_newsletter_tier_id":0,"_jetpack_memberships_contains_paywalled_content":false,"_jetpack_memberships_contains_paid_content":false,"footnotes":"","jetpack_publicize_message":"","jetpack_publicize_feature_enabled":true,"jetpack_social_post_already_shared":true,"jetpack_social_options":{"image_generator_settings":{"template":"highway","default_image_id":0,"font":"","enabled":false},"version":2}},"categories":[1],"tags":[],"class_list":["post-6704","post","type-post","status-publish","format-standard","has-post-thumbnail","hentry","category-allgemein"],"jetpack_publicize_connections":[],"jetpack_featured_media_url":"https:\/\/i0.wp.com\/www.city-magazin.at\/wp-content\/uploads\/2024\/12\/2024-12-Christkind-1l.png?fit=710%2C500&ssl=1","jetpack_shortlink":"https:\/\/wp.me\/p7QK0n-1K8","jetpack_sharing_enabled":true,"_links":{"self":[{"href":"https:\/\/www.city-magazin.at\/index.php\/wp-json\/wp\/v2\/posts\/6704","targetHints":{"allow":["GET"]}}],"collection":[{"href":"https:\/\/www.city-magazin.at\/index.php\/wp-json\/wp\/v2\/posts"}],"about":[{"href":"https:\/\/www.city-magazin.at\/index.php\/wp-json\/wp\/v2\/types\/post"}],"author":[{"embeddable":true,"href":"https:\/\/www.city-magazin.at\/index.php\/wp-json\/wp\/v2\/users\/2"}],"replies":[{"embeddable":true,"href":"https:\/\/www.city-magazin.at\/index.php\/wp-json\/wp\/v2\/comments?post=6704"}],"version-history":[{"count":4,"href":"https:\/\/www.city-magazin.at\/index.php\/wp-json\/wp\/v2\/posts\/6704\/revisions"}],"predecessor-version":[{"id":6713,"href":"https:\/\/www.city-magazin.at\/index.php\/wp-json\/wp\/v2\/posts\/6704\/revisions\/6713"}],"wp:featuredmedia":[{"embeddable":true,"href":"https:\/\/www.city-magazin.at\/index.php\/wp-json\/wp\/v2\/media\/6712"}],"wp:attachment":[{"href":"https:\/\/www.city-magazin.at\/index.php\/wp-json\/wp\/v2\/media?parent=6704"}],"wp:term":[{"taxonomy":"category","embeddable":true,"href":"https:\/\/www.city-magazin.at\/index.php\/wp-json\/wp\/v2\/categories?post=6704"},{"taxonomy":"post_tag","embeddable":true,"href":"https:\/\/www.city-magazin.at\/index.php\/wp-json\/wp\/v2\/tags?post=6704"}],"curies":[{"name":"wp","href":"https:\/\/api.w.org\/{rel}","templated":true}]}}