{"id":6809,"date":"2025-02-02T17:15:42","date_gmt":"2025-02-02T16:15:42","guid":{"rendered":"https:\/\/www.city-magazin.at\/?p=6809"},"modified":"2025-05-04T16:09:38","modified_gmt":"2025-05-04T14:09:38","slug":"magische-verwandlung","status":"publish","type":"post","link":"https:\/\/www.city-magazin.at\/index.php\/magische-verwandlung\/","title":{"rendered":"Magische Verwandlung"},"content":{"rendered":"<div class=\"fusion-fullwidth fullwidth-box nonhundred-percent-fullwidth non-hundred-percent-height-scrolling\"  style='background-color: rgba(255,255,255,0);background-position: center center;background-repeat: no-repeat;padding-top:20px;padding-right:0px;padding-bottom:20px;padding-left:0px;'><div class=\"fusion-builder-row fusion-row \"><div  class=\"fusion-layout-column fusion_builder_column fusion_builder_column_1_1  fusion-one-full fusion-column-first fusion-column-last 1_1\"  style='margin-top:0px;margin-bottom:20px;'>\n\t\t\t\t\t<div class=\"fusion-column-wrapper\" style=\"padding: 0px 0px 0px 0px;background-position:left top;background-repeat:no-repeat;-webkit-background-size:cover;-moz-background-size:cover;-o-background-size:cover;background-size:cover;\"  data-bg-url=\"\">\n\t\t\t\t\t\t<div class=\"fusion-title title fusion-sep-none fusion-title-size-one\" style=\"margin-top:0px;margin-bottom:31px;\"><h1 class=\"title-heading-left\"><h1>Eine <span style=\"color: #e20714;\">Zauberkammer<br \/>\n<\/span><\/h1><\/h1><\/div><div class=\"fusion-title title fusion-sep-none fusion-title-size-one\" style=\"margin-top:0px;margin-bottom:31px;\"><h1 class=\"title-heading-left\"><h4><span data-olk-copy-source=\"MessageBody\">Im Linzer Kost\u00fcmverleih taucht man in eine komplett andere Welt ein<\/span>.<\/h4><\/h1><\/div><div class=\"fusion-text\"><div class=\"\">\n<div class=\"\"><span class=\"\" data-olk-copy-source=\"MessageBody\">Sie sind zur Faschingsparty eingeladen und haben noch immer kein Kost\u00fcm? Keine Sorge \u2013 im Linzer Kost\u00fcmverleih finden sich f\u00fcr fast alle (Ver)kleidungsprobleme L\u00f6sungen aus Pl\u00fcsch, Samt &amp; Seide.<\/span><\/div>\n<\/div>\n<p><!--more--><\/p>\n<div id=\"UniqueMessageBody_52\" class=\"XbIp4 Vi1QO GNqVo allowTextSelection OuGoX\" tabindex=\"0\" aria-label=\"Nachrichtentext\">\n<div>\n<div class=\"rps_27b0\">\n<div class=\"\">\n<div class=\"\"><\/div>\n<div class=\"\">\n<div class=\"\">\n<p>An einer prominenten Adresse, in historischem Ambiente, befindet sich am Hauptplatz der Linzer Kost\u00fcmverleih. Seit mehr als 70 Jahren ist der tausende Kleidungsst\u00fccke und zahllose Accessoires umfassende Fundus im Besitz der Familie Windner. In der \u201eZauberkammer\u201c unter massivem Geb\u00e4lk kann man in eine andere Welt eintauchen und sich f\u00fchlen wie vor 269 Jahren, als W.A. Mozart geboren wurde. Von der wei\u00df gepuderten Per\u00fccke bis zur pr\u00e4chtigen Robe ist alles vorhanden.<\/p>\n<p><strong>Zeitmaschine.<\/strong> Sie wollen einen Abend lang den Spuren der legend\u00e4ren Sissi folgen \u2013 kein Problem, die kaiserlichen Kleider daf\u00fcr warten auf Sie. Und falls Sie in der \u201evirtuellen Zeitmaschine\u201c in Jahrtausendschritten quer durch die Kost\u00fcmgeschichte zur\u00fcckreisen m\u00f6chten \u2013 auch f\u00fcr den Abend als Antonius und Cleopatra, sind Kreationen vorhanden. Zwischen Anproben, Auslieferungen, \u00c4nderungen und Neukompositionen hat Berthold Windner, der den Kost\u00fcmverleih f\u00fchrt und mit seiner pensionierten Frau Elisabeth eine unterst\u00fctzende Zauberhand an seiner Seite hat, wenig Zeit. \u201eViele Menschen suchen sich ihre Kost\u00fcme selbst aus, aber wir helfen gerne, das passende Outfit f\u00fcrs Rollenspiel zu finden.\u201c Eigentlich platzt der Kost\u00fcmverleih im 1. Stock eines Hauptplatzhauses aus allen N\u00e4hten. Doch gerade diese Dichte an Kost\u00fcmen und Accessoires l\u00e4sst die Besucher zu Kindern im Zauberland werden.<\/p>\n<p><strong>Kunstfigur.<\/strong> \u201eOft kommen Menschen zu uns und suchen freudlos nach einem Kost\u00fcm. Nach einer Stunde sind sie begeistert, in ein neues Kleid zu schl\u00fcpfen und eine v\u00f6llig neue Rolle zu erleben\u201c,<br \/>\nerz\u00e4hlt Elisabeth Windner. Das Verkleiden von Menschen und das Zusehen, wie jemand mit jedem Kleidungsst\u00fcck mehr in eine Kunstfigur hineinw\u00e4chst, ist halt ein faszinierendes Universum.<\/p>\n<p><strong>\u00a0<\/strong><\/p>\n<p><span style=\"color: #ff0000;\"><strong>HINTERGRUND<\/strong><\/span><\/p>\n<p>Wieviel kostet der Traum zum Ausleihen?<strong>\u00a0<\/strong><\/p>\n<p>Ab 36 Euro kann man bereits zum Faschingsprinzen f\u00fcr eine Nacht werden.<\/p>\n<p><strong>Es geht auch l\u00e4nger.<\/strong> Das Ausborgen von Kost\u00fcmen f\u00fcr eine Woche kostet zwischen 36\u20ac und 80\u20ac inklusive Reinigung. F\u00fcr einen gro\u00dfen Auftritt am Wiener Opernball muss man nat\u00fcrlich tiefer in die Tasche greifen: ein Opernballfrack mit Hemd, Weste, Masche etc. kostet 260 Euro. Der Preis f\u00fcr die Ausleihe eines Ballkleides liegt zwischen 80 und 150 Euro. Zudem k\u00f6nnen verschiedene Accessoires wie Schmuck, Schals und T\u00e4schchen nat\u00fcrlich ebenfalls ausgeliehen werden.<\/p>\n<p><strong>Eigene Werkstatt. <\/strong>Gefertigt werden alle Kost\u00fcme in der hauseigenen Werkstatt des Kost\u00fcmverleihs in Linz und Salzburg, auch kleine \u00c4nderungen werden bei der Anprobe spontan vorgenommen. Die bezaubernden Mitarbeiter sind von Montag bis Freitag von 9 bis 13 Uhr &amp; 14 bis 18 Uhr und am Samstag auf Anfrage f\u00fcr die Kundenw\u00fcnsche da.<\/p>\n<p>Den Linzer Kost\u00fcmverleih findet man am Hauptplatz 15, Telefon 0732 784540,<br \/>\nInternet: <a href=\"http:\/\/www.costume.at\">www.costume.at<\/a><\/p>\n<\/div>\n<\/div>\n<\/div>\n<\/div>\n<\/div>\n<\/div>\n<\/div><div class=\"fusion-image-carousel fusion-image-carousel-auto fusion-carousel-border\"><div class=\"fusion-carousel\" data-autoplay=\"no\" data-columns=\"5\" data-itemmargin=\"13\" data-itemwidth=\"180\" data-touchscroll=\"no\" data-imagesize=\"auto\"><div class=\"fusion-carousel-positioner\"><ul class=\"fusion-carousel-holder\"><li class=\"fusion-carousel-item\"><div class=\"fusion-carousel-item-wrapper\"><div class=\"fusion-image-wrapper hover-type-none\"><img loading=\"lazy\" decoding=\"async\" width=\"392\" height=\"700\" src=\"https:\/\/i0.wp.com\/www.city-magazin.at\/wp-content\/uploads\/2025\/02\/2025-02-Koestuemverleih-2.png?fit=392%2C700&amp;ssl=1\" class=\"attachment-full size-full\" alt=\"\" srcset=\"https:\/\/i0.wp.com\/www.city-magazin.at\/wp-content\/uploads\/2025\/02\/2025-02-Koestuemverleih-2.png?resize=168%2C300&amp;ssl=1 168w, https:\/\/i0.wp.com\/www.city-magazin.at\/wp-content\/uploads\/2025\/02\/2025-02-Koestuemverleih-2.png?resize=200%2C357&amp;ssl=1 200w, https:\/\/i0.wp.com\/www.city-magazin.at\/wp-content\/uploads\/2025\/02\/2025-02-Koestuemverleih-2.png?fit=392%2C700&amp;ssl=1 392w\" sizes=\"auto, (max-width: 392px) 100vw, 392px\" \/><\/div><\/div><\/li><li class=\"fusion-carousel-item\"><div class=\"fusion-carousel-item-wrapper\"><div class=\"fusion-image-wrapper hover-type-none\"><img loading=\"lazy\" decoding=\"async\" width=\"667\" height=\"700\" src=\"https:\/\/i0.wp.com\/www.city-magazin.at\/wp-content\/uploads\/2025\/02\/2025-02-Koestuemverleih-3.png?fit=667%2C700&amp;ssl=1\" class=\"attachment-full size-full\" alt=\"\" srcset=\"https:\/\/i0.wp.com\/www.city-magazin.at\/wp-content\/uploads\/2025\/02\/2025-02-Koestuemverleih-3.png?resize=200%2C210&amp;ssl=1 200w, https:\/\/i0.wp.com\/www.city-magazin.at\/wp-content\/uploads\/2025\/02\/2025-02-Koestuemverleih-3.png?resize=286%2C300&amp;ssl=1 286w, https:\/\/i0.wp.com\/www.city-magazin.at\/wp-content\/uploads\/2025\/02\/2025-02-Koestuemverleih-3.png?resize=400%2C420&amp;ssl=1 400w, https:\/\/i0.wp.com\/www.city-magazin.at\/wp-content\/uploads\/2025\/02\/2025-02-Koestuemverleih-3.png?resize=600%2C630&amp;ssl=1 600w, https:\/\/i0.wp.com\/www.city-magazin.at\/wp-content\/uploads\/2025\/02\/2025-02-Koestuemverleih-3.png?fit=667%2C700&amp;ssl=1 667w\" sizes=\"auto, (max-width: 667px) 100vw, 667px\" \/><\/div><\/div><\/li><\/ul><div class=\"fusion-carousel-nav\"><span class=\"fusion-nav-prev\"><\/span><span class=\"fusion-nav-next\"><\/span><\/div><\/div><\/div><\/div><div class=\"fusion-text\"><p style=\"text-align: center;\">Fotos: \u00a9 AdobeStock<\/p>\n<\/div><div class=\"fusion-clearfix\"><\/div>\n\n\t\t\t\t\t<\/div>\n\t\t\t\t<\/div><\/div><\/div>\n","protected":false},"excerpt":{"rendered":"<p>Sie sind zur Faschingsparty eingeladen und haben noch immer kein Kost\u00fcm? Keine Sorge \u2013 im Linzer Kost\u00fcmverleih finden sich f\u00fcr fast alle (Ver)kleidungsprobleme L\u00f6sungen aus Pl\u00fcsch, Samt &amp; Seide.<\/p>\n","protected":false},"author":2,"featured_media":6813,"comment_status":"closed","ping_status":"closed","sticky":false,"template":"","format":"standard","meta":{"jetpack_post_was_ever_published":false,"_jetpack_newsletter_access":"","_jetpack_dont_email_post_to_subs":false,"_jetpack_newsletter_tier_id":0,"_jetpack_memberships_contains_paywalled_content":false,"_jetpack_memberships_contains_paid_content":false,"footnotes":"","jetpack_publicize_message":"","jetpack_publicize_feature_enabled":true,"jetpack_social_post_already_shared":true,"jetpack_social_options":{"image_generator_settings":{"template":"highway","default_image_id":0,"font":"","enabled":false},"version":2}},"categories":[1],"tags":[],"class_list":["post-6809","post","type-post","status-publish","format-standard","has-post-thumbnail","hentry","category-allgemein"],"jetpack_publicize_connections":[],"jetpack_featured_media_url":"https:\/\/i0.wp.com\/www.city-magazin.at\/wp-content\/uploads\/2025\/02\/2025-02-Koestuemverleih-1.png?fit=1392%2C750&ssl=1","jetpack_shortlink":"https:\/\/wp.me\/p7QK0n-1LP","jetpack_sharing_enabled":true,"_links":{"self":[{"href":"https:\/\/www.city-magazin.at\/index.php\/wp-json\/wp\/v2\/posts\/6809","targetHints":{"allow":["GET"]}}],"collection":[{"href":"https:\/\/www.city-magazin.at\/index.php\/wp-json\/wp\/v2\/posts"}],"about":[{"href":"https:\/\/www.city-magazin.at\/index.php\/wp-json\/wp\/v2\/types\/post"}],"author":[{"embeddable":true,"href":"https:\/\/www.city-magazin.at\/index.php\/wp-json\/wp\/v2\/users\/2"}],"replies":[{"embeddable":true,"href":"https:\/\/www.city-magazin.at\/index.php\/wp-json\/wp\/v2\/comments?post=6809"}],"version-history":[{"count":7,"href":"https:\/\/www.city-magazin.at\/index.php\/wp-json\/wp\/v2\/posts\/6809\/revisions"}],"predecessor-version":[{"id":6820,"href":"https:\/\/www.city-magazin.at\/index.php\/wp-json\/wp\/v2\/posts\/6809\/revisions\/6820"}],"wp:featuredmedia":[{"embeddable":true,"href":"https:\/\/www.city-magazin.at\/index.php\/wp-json\/wp\/v2\/media\/6813"}],"wp:attachment":[{"href":"https:\/\/www.city-magazin.at\/index.php\/wp-json\/wp\/v2\/media?parent=6809"}],"wp:term":[{"taxonomy":"category","embeddable":true,"href":"https:\/\/www.city-magazin.at\/index.php\/wp-json\/wp\/v2\/categories?post=6809"},{"taxonomy":"post_tag","embeddable":true,"href":"https:\/\/www.city-magazin.at\/index.php\/wp-json\/wp\/v2\/tags?post=6809"}],"curies":[{"name":"wp","href":"https:\/\/api.w.org\/{rel}","templated":true}]}}