{"id":7040,"date":"2025-06-30T17:23:34","date_gmt":"2025-06-30T15:23:34","guid":{"rendered":"https:\/\/www.city-magazin.at\/?p=7040"},"modified":"2025-06-29T15:48:04","modified_gmt":"2025-06-29T13:48:04","slug":"neuer-wind-bei-der-liva","status":"publish","type":"post","link":"https:\/\/www.city-magazin.at\/index.php\/neuer-wind-bei-der-liva\/","title":{"rendered":"Neuer Wind bei der LIVA"},"content":{"rendered":"<div class=\"fusion-fullwidth fullwidth-box nonhundred-percent-fullwidth non-hundred-percent-height-scrolling\"  style='background-color: rgba(255,255,255,0);background-position: center center;background-repeat: no-repeat;padding-top:20px;padding-right:0px;padding-bottom:20px;padding-left:0px;'><div class=\"fusion-builder-row fusion-row \"><div  class=\"fusion-layout-column fusion_builder_column fusion_builder_column_1_1  fusion-one-full fusion-column-first fusion-column-last 1_1\"  style='margin-top:0px;margin-bottom:20px;'>\n\t\t\t\t\t<div class=\"fusion-column-wrapper\" style=\"padding: 0px 0px 0px 0px;background-position:left top;background-repeat:no-repeat;-webkit-background-size:cover;-moz-background-size:cover;-o-background-size:cover;background-size:cover;\"  data-bg-url=\"\">\n\t\t\t\t\t\t<div class=\"fusion-title title fusion-sep-none fusion-title-size-one\" style=\"margin-top:0px;margin-bottom:31px;\"><h1 class=\"title-heading-left\"><h1>Bei der LIVA gibt es <span style=\"color: #e20714;\">ECHT<\/span><\/h1><\/h1><\/div><div class=\"fusion-title title fusion-sep-none fusion-title-size-one\" style=\"margin-top:0px;margin-bottom:31px;\"><h1 class=\"title-heading-left\"><h4>Die neue k\u00fcnstlerische und kaufm\u00e4nnische Leitung im CITY! Magazin-Sommerinterview.<\/h4><\/h1><\/div><div class=\"fusion-text\"><p><span data-olk-copy-source=\"MessageBody\">Diesmal war alles ein bisserl anders. Mit Norbert Traw\u00f6ger und Kai Liczewski standen mir gleich zwei interessante Pers\u00f6nlichkeiten Rede und Antwort. Und das Brucknerhaus haben die beiden offensichtlich schon so liebgewonnen, dass sie es nicht verlassen wollten und mich deshalb zum Interview nicht im Caf\u00e9 Traxlmayr treffen konnten<\/span>.<!--more--><\/p>\n<p>Nach dem Gespr\u00e4ch glaube ich auch, dass im Brucknerhaus und bei den anderen Sport- und Kulturst\u00e4tten der LIVA so einiges anders werden wird. Da k\u00f6nnen wir uns noch auf etliche positive \u00dcberraschungen gefasst machen.<\/p>\n<p><strong><em>Norbert, Du warst ja k\u00fcnstlerischer Direktor des Brucknerorchesters und wurdest nach der LIVA-Aff\u00e4re nun als neuer k\u00fcnstlerischer Leiter bestellt. Auch Kai, der f\u00fcr die Zahlen zust\u00e4ndig ist, wurde von einer hochkar\u00e4tigen Jury von den Salzburger Festspielen nach Linz geholt. Was sind denn Eure ersten Aufgaben als Leitungsgremium der LIVA?<\/em><\/strong><\/p>\n<p><strong>Traw\u00f6ger: <\/strong>Ich war hier ja schon aus einer anderen Perspektive t\u00e4tig. Das Brucknerhaus hat also bereits lange eine besondere Rolle f\u00fcr mich gespielt. Jetzt geht es darum, die dortigen Menschen und die Abl\u00e4ufe noch besser kennenzulernen. F\u00fcr mich sind die LIVA-Veranstaltungsorte wie ein kleiner Kosmos oder ein Planetensystem, das man neu denken und in eine neue Schwingung versetzen kann \u2013 etwa mit neuen Formaten und Programmen, bei denen die Stadt und das Land noch besser andocken k\u00f6nnen.<\/p>\n<p><strong>Liczewski:<\/strong> Man kann die Geschehnisse der letzten Jahre nicht ignorieren \u2013 auch was noch die Stimmung anbelangt. Meinhard Lukas hat allerdings als LIVA-Aufsichtsrat schon gewaltig zu einer Verbesserung beigetragen. F\u00fcr mich ist es nun wichtig, ein Gesamtbild zu haben und mit diesem \u00dcberblick so rasch wie m\u00f6glich einen Doppelhaushaltsplan zu erstellen. Das ist eine besondere Herausforderung, weil ja damit auch die Planbarkeit der programmatischen Weichenstellungen f\u00fcr die LIVA einhergeht.<\/p>\n<p><strong><em>Ihr seid beide durch ein Hearing gegangen. Dennoch gab es die Kritik, dass nun zwei M\u00e4nner an der Spitze der LIVA sitzen. Wie geht Ihr denn damit um?<\/em><\/strong><\/p>\n<p><strong>Traw\u00f6ger:<\/strong> Die Kritik kann ich durchaus nachvollziehen. Ich kann daran aber selber nichts \u00e4ndern, weil die Findungskommission nach den geeignetsten Personen gesucht hat. Mir ist jedoch bewusst, dass es immer noch patriarchale Systeme gibt und daher wichtig, dass mit diesem Thema auch sensibel umgegangen wird. Wer mich kennt, wei\u00df auch, dass ich etwa beim Kepler Salon stets darauf bedacht war, bei der Auswahl der G\u00e4ste eine Gender-Balance zu finden.<\/p>\n<p><strong>Liczewski:<\/strong> Ich kann nur unterstreichen, was Norbert gesagt hat. Es geht darum, m\u00f6glichst \u00fcberall einen fairen Ausgleich zu schaffen.<\/p>\n<p><strong><em>War es f\u00fcr Dich ein einfacher Schritt, Salzburg den R\u00fccken zu kehren, da die Festspiele ja mit hoher sch\u00f6ngeistiger Reputation einhergehen \u2013 vielleicht sogar etwas im Gegensatz zur T\u00e4tigkeit in einer Hacklermetropole wie Linz?<\/em><\/strong><\/p>\n<p><strong>Liczewski:<\/strong> Nein, f\u00fcr mich war es durchaus attraktiv dort wegzugehen. Es war sicher eine spannende Zeit in Salzburg, aber es waren bereits 14 Jahre. Irgendwann kommt der Moment f\u00fcr einen Wechsel. Und je besser ich verstehe, was die LIVA ist, desto st\u00e4rker nimmt meine Begeisterung zu. Denn da ist noch so viel Potenzial an Vernetzung drinnen. Ich habe ja Sport- und Freizeitmanagement studiert. Bei den Fallbeispielen musste immer aufwendig konstruiert werden, womit ich jetzt in der Praxis befasst bin.<\/p>\n<p><strong><em>Linz hat sich nicht nur in Richtung einer Kulturstadt entwickelt, sondern auch im Bereich der KI-Forschung eine gewisse Bedeutung erlangt. Die Entwicklungen sind rasant. Seht Ihr diesbez\u00fcglich eine Bedrohung f\u00fcr die Kunst?<\/em><\/strong><\/p>\n<p><strong>Liczewski:<\/strong> F\u00fcr unseren Bereich sehe ich das nicht. Denn wir machen Veranstaltungen von Menschen f\u00fcr Menschen. Das ist sogar eine spezifische Chance f\u00fcr die LIVA. Wir k\u00f6nnen viel auf h\u00f6chstem Niveau bieten \u2013 und wir haben echt. Ich denke, dass das Echte gerade angesichts vieler Fakes ein G\u00fctekriterium ist, dass die Menschen in Zukunft noch mehr wertsch\u00e4tzen und suchen werden.<\/p>\n<p><strong>Traw\u00f6ger: <\/strong>Ich finde auch, dass es keine Gefahr ist, wenn man sich damit besch\u00e4ftigt und die Potenziale auslotet. Ich habe diesbez\u00fcglich schon mit Texten experimentiert und glaube, dass man diese Auseinandersetzung auch gemeinsam mit anderen Einrichtungen wie dem AEC stattfinden lassen kann. Bei diesem Thema gibt es sehr viele Schnittstellen. Kunst und Sport haben auch viel mit K\u00f6rperlichkeit und k\u00f6rperlichen F\u00e4higkeiten zu tun, im Vergleich zur digitalen Sph\u00e4re.<\/p>\n<p><strong><em>Ich h\u00f6re Euch jetzt schon eine Zeit lang zu. Versteht Ihr Euch immer so gut? Seid Ihr stets im Einklang?<\/em><\/strong><\/p>\n<p><strong>Traw\u00f6ger:<\/strong> Wir sind uns im Vorzimmer des B\u00fcrgermeisters begegnet. Da ist der Funke gleich \u00fcbergesprungen. Hier macht es die Mischung aus: Kai hat diesen Au\u00dfenblick auf die Stadt und die LIVA, w\u00e4hrend ich mit den Strukturen und Akteuren schon l\u00e4nger vertraut bin. Wir erg\u00e4nzen uns an sich sehr gut.<\/p>\n<p><strong><em>Norbert, wie h\u00e4ltst Du das generell mit dem \u201eAu\u00dfenblick\u201c bzw. auch mit dem Anspruch internationaler Ma\u00dfst\u00e4be?<\/em><\/strong><\/p>\n<p><strong>Traw\u00f6ger:<\/strong> Ich habe immer schon in diesen Kategorien gedacht und halte es da mit Anton Bruckner: Der war zwar ein radikaler Ober\u00f6sterreicher, aber er hat auch die Fenster in die Welt weit aufgerissen und somit etwas in dieses Bundesland gebracht, was es bisher hier noch nie gegeben hat.<\/p>\n<p><span style=\"color: #ff0000;\"><strong>Die neue LIVA-F\u00fchrung startet am 18. August<\/strong><\/span><\/p>\n<p>Zwei coole Typen, die sich auf Anhieb verstanden haben<\/p>\n<p><strong>Vorstellrunde. <\/strong>Norbert Traw\u00f6ger wurde 1971 in Wels geboren. Er studierte in Wien, Graz, G\u00f6teborg und Amsterdam, unterrichtete an Musikschulen sowie an Hochschulen in Wien und Linz. Ab 2013 leitete er den Kepler Salon, seit 2019 pr\u00e4gte er das Bruckner Orchester. Er ver\u00f6ffentlichte 2010 eine Biografie \u00fcber Balduin Sulzer, 2022 und 2024 das Buch \u201eBruckner!\u202fJournal einer Leidenschaft\u201c.<\/p>\n<p>Kai Liczewski wurde 1986 in M\u00fcnchen geboren und ist in Unterfranken aufgewachsen. Er studierte Betriebswirtschaft sowie Kultur\u2011, Freizeit\u2011 und Sportmanagement. Seit 2011 arbeitete er beim Salzburger Festspielfonds, leitete dort ab 2016 Finanzen und Informationsmanagement.<\/p>\n<\/div><div class=\"fusion-image-carousel fusion-image-carousel-auto fusion-carousel-border\"><div class=\"fusion-carousel\" data-autoplay=\"no\" data-columns=\"5\" data-itemmargin=\"13\" data-itemwidth=\"180\" data-touchscroll=\"no\" data-imagesize=\"auto\"><div class=\"fusion-carousel-positioner\"><ul class=\"fusion-carousel-holder\"><\/ul><div class=\"fusion-carousel-nav\"><span class=\"fusion-nav-prev\"><\/span><span class=\"fusion-nav-next\"><\/span><\/div><\/div><\/div><\/div><div class=\"fusion-text\"><p style=\"text-align: center;\">Fotos: \u00a9 T.Duschlbauer<\/p>\n<\/div><div class=\"fusion-clearfix\"><\/div>\n\n\t\t\t\t\t<\/div>\n\t\t\t\t<\/div><\/div><\/div>\n","protected":false},"excerpt":{"rendered":"<p>Diesmal war alles ein bisserl anders. Mit Norbert Traw\u00f6ger und Kai Liczewski standen mir gleich zwei interessante Pers\u00f6nlichkeiten Rede und Antwort. Und das Brucknerhaus haben die beiden offensichtlich schon so liebgewonnen, dass sie es nicht verlassen wollten und mich deshalb zum Interview nicht im Caf\u00e9 Traxlmayr treffen konnten.<\/p>\n","protected":false},"author":2,"featured_media":7042,"comment_status":"closed","ping_status":"closed","sticky":false,"template":"","format":"standard","meta":{"jetpack_post_was_ever_published":false,"_jetpack_newsletter_access":"","_jetpack_dont_email_post_to_subs":false,"_jetpack_newsletter_tier_id":0,"_jetpack_memberships_contains_paywalled_content":false,"_jetpack_memberships_contains_paid_content":false,"footnotes":"","jetpack_publicize_message":"","jetpack_publicize_feature_enabled":true,"jetpack_social_post_already_shared":true,"jetpack_social_options":{"image_generator_settings":{"template":"highway","default_image_id":0,"font":"","enabled":false},"version":2}},"categories":[31,1,16],"tags":[],"class_list":["post-7040","post","type-post","status-publish","format-standard","has-post-thumbnail","hentry","category-aktuell","category-allgemein","category-leute"],"jetpack_publicize_connections":[],"jetpack_featured_media_url":"https:\/\/i0.wp.com\/www.city-magazin.at\/wp-content\/uploads\/2025\/06\/2025-07-LIVA.png?fit=1333%2C750&ssl=1","jetpack_shortlink":"https:\/\/wp.me\/p7QK0n-1Py","jetpack_sharing_enabled":true,"_links":{"self":[{"href":"https:\/\/www.city-magazin.at\/index.php\/wp-json\/wp\/v2\/posts\/7040","targetHints":{"allow":["GET"]}}],"collection":[{"href":"https:\/\/www.city-magazin.at\/index.php\/wp-json\/wp\/v2\/posts"}],"about":[{"href":"https:\/\/www.city-magazin.at\/index.php\/wp-json\/wp\/v2\/types\/post"}],"author":[{"embeddable":true,"href":"https:\/\/www.city-magazin.at\/index.php\/wp-json\/wp\/v2\/users\/2"}],"replies":[{"embeddable":true,"href":"https:\/\/www.city-magazin.at\/index.php\/wp-json\/wp\/v2\/comments?post=7040"}],"version-history":[{"count":2,"href":"https:\/\/www.city-magazin.at\/index.php\/wp-json\/wp\/v2\/posts\/7040\/revisions"}],"predecessor-version":[{"id":7043,"href":"https:\/\/www.city-magazin.at\/index.php\/wp-json\/wp\/v2\/posts\/7040\/revisions\/7043"}],"wp:featuredmedia":[{"embeddable":true,"href":"https:\/\/www.city-magazin.at\/index.php\/wp-json\/wp\/v2\/media\/7042"}],"wp:attachment":[{"href":"https:\/\/www.city-magazin.at\/index.php\/wp-json\/wp\/v2\/media?parent=7040"}],"wp:term":[{"taxonomy":"category","embeddable":true,"href":"https:\/\/www.city-magazin.at\/index.php\/wp-json\/wp\/v2\/categories?post=7040"},{"taxonomy":"post_tag","embeddable":true,"href":"https:\/\/www.city-magazin.at\/index.php\/wp-json\/wp\/v2\/tags?post=7040"}],"curies":[{"name":"wp","href":"https:\/\/api.w.org\/{rel}","templated":true}]}}