{"id":7231,"date":"2025-12-01T18:25:09","date_gmt":"2025-12-01T17:25:09","guid":{"rendered":"https:\/\/www.city-magazin.at\/?p=7231"},"modified":"2026-02-23T20:45:30","modified_gmt":"2026-02-23T19:45:30","slug":"lengauers-mission","status":"publish","type":"post","link":"https:\/\/www.city-magazin.at\/index.php\/lengauers-mission\/","title":{"rendered":"Lengauers Mission"},"content":{"rendered":"<div class=\"fusion-fullwidth fullwidth-box nonhundred-percent-fullwidth non-hundred-percent-height-scrolling\"  style='background-color: rgba(255,255,255,0);background-position: center center;background-repeat: no-repeat;padding-top:20px;padding-right:0px;padding-bottom:20px;padding-left:0px;'><div class=\"fusion-builder-row fusion-row \"><div  class=\"fusion-layout-column fusion_builder_column fusion_builder_column_1_1  fusion-one-full fusion-column-first fusion-column-last 1_1\"  style='margin-top:0px;margin-bottom:20px;'>\n\t\t\t\t\t<div class=\"fusion-column-wrapper\" style=\"padding: 0px 0px 0px 0px;background-position:left top;background-repeat:no-repeat;-webkit-background-size:cover;-moz-background-size:cover;-o-background-size:cover;background-size:cover;\"  data-bg-url=\"\">\n\t\t\t\t\t\t<div class=\"fusion-title title fusion-sep-none fusion-title-size-one\" style=\"margin-top:0px;margin-bottom:31px;\"><h1 class=\"title-heading-left\"><h1><span style=\"color: #e20714;\">Hattrick <\/span><span data-olk-copy-source=\"MessageBody\">bei J\u00e4nnerrallye?\u00a0<\/span><\/h1><\/h1><\/div><div class=\"fusion-title title fusion-sep-none fusion-title-size-one\" style=\"margin-top:0px;margin-bottom:31px;\"><h1 class=\"title-heading-left\"><h4>Michael Lengauer m\u00f6chte nun im J\u00e4nner seinen dritten Sieg in Folge feiern.<\/h4><\/h1><\/div><div class=\"fusion-text\"><p>Das neue Jahr startet in Ober\u00f6sterreich mit einem sportlichen Highlight, die 39. J\u00e4nnerrallye steht am Programm.<!--more--><\/p>\n<p>Zwei Mal in Folge hat Lokalmatador Michael Lengauer (31) das Event im M\u00fchlviertel \u2013 das vom 2. bis 4. J\u00e4nner \u00fcber die B\u00fchne gehen wird und auch zahlreiche Besucher aus dem Zentralraum begeistert \u2013 f\u00fcr sich entscheiden k\u00f6nnen. Ein erneuter Triumph wird aus seiner Sicht aufgrund der starken Konkurrenz schwer, ist aber nat\u00fcrlich m\u00f6glich und das erkl\u00e4rte Ziel. 18 Sonderpr\u00fcfungen und 166 Kilometer sind zu absolvieren, und Lengauer z\u00e4hlt auf alle F\u00e4lle wieder zu den Topfavoriten auf den Sieg. \u201eEs muss alles zusammenpassen, die Reifenwahl muss stimmen, es darf keine technischen Gebrechen am Auto geben, das n\u00f6tige Gl\u00fcck geh\u00f6rt dazu, und nat\u00fcrlich muss die eigene Leistung stimmen\u201c, so Lengauer, der bereits drei Wochen vor der Rallye t\u00e4glich das Wetter im Auge hat, um sein Auto \u2013 einen Skoda Fabia RS Rally 2 \u2013 ideal abzustimmen. Denn das besondere an der J\u00e4nnerrallye ist nicht nur der Flair mit rund 140.000 Zuschauern, sondern auch Schnee und Eis, die die Sonderpr\u00fcfungen besonders spannend und herausfordernd werden lassen. Auf der Jagd nach dem Hattrick \u2013 dies gelang bisher nur dem legend\u00e4ren Franz Wittmann \u2013 wird Lengauer in seinem Wagen von Co-Pilot J\u00fcrgen Rausch unterst\u00fctzt. Au\u00dferhalb des Fahrzeugs sind f\u00fcr Lengauer nat\u00fcrlich seine Sponsoren wichtig, neben dem Wettanbieter Interwetten sind auch ober\u00f6sterreichische Unternehmen wie Babaric aus Linz oder GT Ger\u00e4tetechnik aus Wels dabei. Gemeinsam mit seinem starken Team im R\u00fccken will er den Hattrick schaffen: \u201eWenn man die Rallye zwei Mal hintereinander gewonnen hat, gibt es nur ein Ziel: ein drittes Mal zu gewinnen.\u201c<\/p>\n<p><strong>Nachhaltig.<\/strong> Ein Motorsportspektakel dieser Gr\u00f6\u00dfenordnung ist in \u00d6sterreich ein wahres Highlight, das nur mit der Formel 1 in Spielberg oder der Moto GP vergleichbar ist. M\u00f6glich machen dieses besondere Wochenende in O\u00d6. unter anderem \u00fcber 800 ehrenamtliche Helfer. Zus\u00e4tzlich zum Sporthighlight setzen die Verantwortlichen auch ein gr\u00fcnes Zeichen. Sie zeigen, dass sich Motorsport und Klimaschutz miteinander verbinden lassen. Denn mit 12.000 gepflanzten B\u00e4umen seit dem Jahr 2019 hat man ein kleines W\u00e4ldchen in der Region entstehen lassen.<\/p>\n<p><strong>Timetable J\u00e4nnerrallye 2026<\/strong><\/p>\n<p>140.000 Zuschauer werden erwartet<\/p>\n<p><strong>LOS GEHTS. <\/strong>Freitag 2. J\u00e4nner: Startschuss der J\u00e4nnerrallye mit dem Shakedown am Nachmittag und der Fahrerpr\u00e4sentation am Abend in der Messehalle Freistadt.<\/p>\n<p>Samstag 3. J\u00e4nner: Start der 166 Kilometer langen Rallye mit den ersten f\u00fcnf Sonderpr\u00fcfungen, die je zwei Mal befahren werden.<\/p>\n<p>Sonntag 4. J\u00e4nner: Vier Sonderpr\u00fcfungen werden am Abschlusstag je zwei Mal absolviert, die Siegerehrung findet am Abend in der Freist\u00e4dter Messehalle statt.<\/p>\n<\/div><div class=\"fusion-image-carousel fusion-image-carousel-auto fusion-carousel-border\"><div class=\"fusion-carousel\" data-autoplay=\"no\" data-columns=\"5\" data-itemmargin=\"13\" data-itemwidth=\"180\" data-touchscroll=\"no\" data-imagesize=\"auto\"><div class=\"fusion-carousel-positioner\"><ul class=\"fusion-carousel-holder\"><li class=\"fusion-carousel-item\"><div class=\"fusion-carousel-item-wrapper\"><div class=\"fusion-image-wrapper hover-type-none\"><img loading=\"lazy\" decoding=\"async\" width=\"750\" height=\"500\" src=\"https:\/\/i0.wp.com\/www.city-magazin.at\/wp-content\/uploads\/2025\/11\/2025-12-lengauer-2.png?fit=750%2C500&amp;ssl=1\" class=\"attachment-full size-full\" alt=\"FOKUSIERT. Lengauer - im Brotberuf Lokf\u00fchrer - peilt bereits den dritten Sieg an.\" srcset=\"https:\/\/i0.wp.com\/www.city-magazin.at\/wp-content\/uploads\/2025\/11\/2025-12-lengauer-2.png?resize=200%2C133&amp;ssl=1 200w, https:\/\/i0.wp.com\/www.city-magazin.at\/wp-content\/uploads\/2025\/11\/2025-12-lengauer-2.png?resize=300%2C200&amp;ssl=1 300w, https:\/\/i0.wp.com\/www.city-magazin.at\/wp-content\/uploads\/2025\/11\/2025-12-lengauer-2.png?resize=400%2C267&amp;ssl=1 400w, https:\/\/i0.wp.com\/www.city-magazin.at\/wp-content\/uploads\/2025\/11\/2025-12-lengauer-2.png?resize=600%2C400&amp;ssl=1 600w, https:\/\/i0.wp.com\/www.city-magazin.at\/wp-content\/uploads\/2025\/11\/2025-12-lengauer-2.png?fit=750%2C500&amp;ssl=1 750w\" sizes=\"auto, (max-width: 750px) 100vw, 750px\" \/><\/div><\/div><\/li><li class=\"fusion-carousel-item\"><div class=\"fusion-carousel-item-wrapper\"><div class=\"fusion-image-wrapper hover-type-none\"><img loading=\"lazy\" decoding=\"async\" width=\"752\" height=\"500\" src=\"https:\/\/i0.wp.com\/www.city-magazin.at\/wp-content\/uploads\/2025\/11\/2025-12-lengauer-3.png?fit=752%2C500&amp;ssl=1\" class=\"attachment-full size-full\" alt=\"Michael Lengauer\" srcset=\"https:\/\/i0.wp.com\/www.city-magazin.at\/wp-content\/uploads\/2025\/11\/2025-12-lengauer-3.png?resize=200%2C133&amp;ssl=1 200w, https:\/\/i0.wp.com\/www.city-magazin.at\/wp-content\/uploads\/2025\/11\/2025-12-lengauer-3.png?resize=300%2C199&amp;ssl=1 300w, https:\/\/i0.wp.com\/www.city-magazin.at\/wp-content\/uploads\/2025\/11\/2025-12-lengauer-3.png?resize=400%2C266&amp;ssl=1 400w, https:\/\/i0.wp.com\/www.city-magazin.at\/wp-content\/uploads\/2025\/11\/2025-12-lengauer-3.png?resize=600%2C399&amp;ssl=1 600w, https:\/\/i0.wp.com\/www.city-magazin.at\/wp-content\/uploads\/2025\/11\/2025-12-lengauer-3.png?fit=752%2C500&amp;ssl=1 752w\" sizes=\"auto, (max-width: 752px) 100vw, 752px\" \/><\/div><\/div><\/li><li class=\"fusion-carousel-item\"><div class=\"fusion-carousel-item-wrapper\"><div class=\"fusion-image-wrapper hover-type-none\"><img loading=\"lazy\" decoding=\"async\" width=\"750\" height=\"500\" src=\"https:\/\/i0.wp.com\/www.city-magazin.at\/wp-content\/uploads\/2025\/11\/2025-12-lengauer-4.png?fit=750%2C500&amp;ssl=1\" class=\"attachment-full size-full\" alt=\"NEXT GENERATION. Mit Kart-Rookie Sebastian Egger (li\" srcset=\"https:\/\/i0.wp.com\/www.city-magazin.at\/wp-content\/uploads\/2025\/11\/2025-12-lengauer-4.png?resize=200%2C133&amp;ssl=1 200w, https:\/\/i0.wp.com\/www.city-magazin.at\/wp-content\/uploads\/2025\/11\/2025-12-lengauer-4.png?resize=300%2C200&amp;ssl=1 300w, https:\/\/i0.wp.com\/www.city-magazin.at\/wp-content\/uploads\/2025\/11\/2025-12-lengauer-4.png?resize=400%2C267&amp;ssl=1 400w, https:\/\/i0.wp.com\/www.city-magazin.at\/wp-content\/uploads\/2025\/11\/2025-12-lengauer-4.png?resize=600%2C400&amp;ssl=1 600w, https:\/\/i0.wp.com\/www.city-magazin.at\/wp-content\/uploads\/2025\/11\/2025-12-lengauer-4.png?fit=750%2C500&amp;ssl=1 750w\" sizes=\"auto, (max-width: 750px) 100vw, 750px\" \/><\/div><\/div><\/li><\/ul><div class=\"fusion-carousel-nav\"><span class=\"fusion-nav-prev\"><\/span><span class=\"fusion-nav-next\"><\/span><\/div><\/div><\/div><\/div><div class=\"fusion-text\"><p style=\"text-align: center;\">Fotos: \u00a9 Harald Illmer, A. Maringer<\/p>\n<\/div><div class=\"fusion-clearfix\"><\/div>\n\n\t\t\t\t\t<\/div>\n\t\t\t\t<\/div><\/div><\/div>\n","protected":false},"excerpt":{"rendered":"<p>Das neue Jahr startet in Ober\u00f6sterreich mit einem sportlichen Highlight, die 39. J\u00e4nnerrallye steht am Programm.<\/p>\n","protected":false},"author":2,"featured_media":7236,"comment_status":"closed","ping_status":"closed","sticky":false,"template":"","format":"standard","meta":{"jetpack_post_was_ever_published":false,"_jetpack_newsletter_access":"","_jetpack_dont_email_post_to_subs":false,"_jetpack_newsletter_tier_id":0,"_jetpack_memberships_contains_paywalled_content":false,"_jetpack_memberships_contains_paid_content":false,"footnotes":"","jetpack_publicize_message":"","jetpack_publicize_feature_enabled":true,"jetpack_social_post_already_shared":true,"jetpack_social_options":{"image_generator_settings":{"template":"highway","default_image_id":0,"font":"","enabled":false},"version":2}},"categories":[1],"tags":[],"class_list":["post-7231","post","type-post","status-publish","format-standard","has-post-thumbnail","hentry","category-allgemein"],"jetpack_publicize_connections":[],"jetpack_featured_media_url":"https:\/\/i0.wp.com\/www.city-magazin.at\/wp-content\/uploads\/2025\/11\/2025-12-lengauer-1.png?fit=1383%2C700&ssl=1","jetpack_shortlink":"https:\/\/wp.me\/p7QK0n-1SD","jetpack_sharing_enabled":true,"_links":{"self":[{"href":"https:\/\/www.city-magazin.at\/index.php\/wp-json\/wp\/v2\/posts\/7231","targetHints":{"allow":["GET"]}}],"collection":[{"href":"https:\/\/www.city-magazin.at\/index.php\/wp-json\/wp\/v2\/posts"}],"about":[{"href":"https:\/\/www.city-magazin.at\/index.php\/wp-json\/wp\/v2\/types\/post"}],"author":[{"embeddable":true,"href":"https:\/\/www.city-magazin.at\/index.php\/wp-json\/wp\/v2\/users\/2"}],"replies":[{"embeddable":true,"href":"https:\/\/www.city-magazin.at\/index.php\/wp-json\/wp\/v2\/comments?post=7231"}],"version-history":[{"count":2,"href":"https:\/\/www.city-magazin.at\/index.php\/wp-json\/wp\/v2\/posts\/7231\/revisions"}],"predecessor-version":[{"id":7237,"href":"https:\/\/www.city-magazin.at\/index.php\/wp-json\/wp\/v2\/posts\/7231\/revisions\/7237"}],"wp:featuredmedia":[{"embeddable":true,"href":"https:\/\/www.city-magazin.at\/index.php\/wp-json\/wp\/v2\/media\/7236"}],"wp:attachment":[{"href":"https:\/\/www.city-magazin.at\/index.php\/wp-json\/wp\/v2\/media?parent=7231"}],"wp:term":[{"taxonomy":"category","embeddable":true,"href":"https:\/\/www.city-magazin.at\/index.php\/wp-json\/wp\/v2\/categories?post=7231"},{"taxonomy":"post_tag","embeddable":true,"href":"https:\/\/www.city-magazin.at\/index.php\/wp-json\/wp\/v2\/tags?post=7231"}],"curies":[{"name":"wp","href":"https:\/\/api.w.org\/{rel}","templated":true}]}}