{"id":7238,"date":"2025-11-30T19:07:15","date_gmt":"2025-11-30T18:07:15","guid":{"rendered":"https:\/\/www.city-magazin.at\/?p=7238"},"modified":"2025-11-30T19:51:41","modified_gmt":"2025-11-30T18:51:41","slug":"welser-setzt-meilenstein","status":"publish","type":"post","link":"https:\/\/www.city-magazin.at\/index.php\/welser-setzt-meilenstein\/","title":{"rendered":"Welser setzt Meilenstein"},"content":{"rendered":"<div class=\"fusion-fullwidth fullwidth-box nonhundred-percent-fullwidth non-hundred-percent-height-scrolling\"  style='background-color: rgba(255,255,255,0);background-position: center center;background-repeat: no-repeat;padding-top:20px;padding-right:0px;padding-bottom:20px;padding-left:0px;'><div class=\"fusion-builder-row fusion-row \"><div  class=\"fusion-layout-column fusion_builder_column fusion_builder_column_1_1  fusion-one-full fusion-column-first fusion-column-last 1_1\"  style='margin-top:0px;margin-bottom:20px;'>\n\t\t\t\t\t<div class=\"fusion-column-wrapper\" style=\"padding: 0px 0px 0px 0px;background-position:left top;background-repeat:no-repeat;-webkit-background-size:cover;-moz-background-size:cover;-o-background-size:cover;background-size:cover;\"  data-bg-url=\"\">\n\t\t\t\t\t\t<div class=\"fusion-title title fusion-sep-none fusion-title-size-one\" style=\"margin-top:0px;margin-bottom:31px;\"><h1 class=\"title-heading-left\"><h1><span style=\"color: #e20714;\">Der schnellste <\/span>Welser<\/h1><\/h1><\/div><div class=\"fusion-title title fusion-sep-none fusion-title-size-one\" style=\"margin-top:0px;margin-bottom:31px;\"><h1 class=\"title-heading-left\"><h4>Kurt Praszl: Der Mann hinter dem Rekord am Red Bull Ring.<\/h4><\/h1><\/div><div class=\"fusion-text\"><p>Am 20. Oktober 2025 wurde am Red Bull Ring ein neues Kapitel f\u00fcr die Elektromobilit\u00e4t aufgeschlagen: Der Kia EV6 GT stellte einen Rundenrekord f\u00fcr stra\u00dfenzugelassene Elektroautos auf \u2013 1:49,39 Minuten.<!--more--><\/p>\n<p>Hinter dem Steuer: Kurt Praszl, 56 Jahre alt, Finanzmanager aus Wels und leidenschaftlicher Motorsportfan.<\/p>\n<p>\u201eIch wollte wissen, was mit einem serienm\u00e4\u00dfigen Elektroauto m\u00f6glich ist \u2013 und offenbar eine ganze Menge\u201c, erz\u00e4hlt Praszl dem CITY-Magazin. Der Rekord gelang ohne Rennumbauten, auf Serienreifen und mit einem Fahrzeug direkt aus dem Schauraum. Damit unterbot er den bisherigen Bestwert um mehr als sieben Sekunden.<\/p>\n<p>Praszl ist kein Unbekannter in der Szene. Schon seit Jugendtagen begeistert ihn Motorsport, erste Erfahrungen sammelte er im Histocup. \u201eDer Red Bull Ring ist eine Weltklasse-Strecke \u2013 sicher, anspruchsvoll und perfekt f\u00fcr einen Rekordversuch\u201c, sagt er.<\/p>\n<p>Die Idee entstand im Gespr\u00e4ch mit Kia-H\u00e4ndler Gregor Greinecker aus Gunskirchen. Er brachte seinen Stammkunden nicht nur auf den EV6 GT, sondern organisierte gemeinsam mit Kia Austria die Rahmenbedingungen f\u00fcr den Rekord. \u201eOhne dieses Teamwork w\u00e4re das nicht m\u00f6glich gewesen\u201c, betont Praszl.<\/p>\n<p>Der Kia EV6 GT ist die sportliche Speerspitze der Marke: 650 PS, Allradantrieb, wassergek\u00fchlter Inverter und \u00f6lgek\u00fchlter Heckmotor sorgen f\u00fcr Performance auf Supersportwagen-Niveau. Trotzdem bleibt er ein Gran Turismo mit Platz und Komfort.<\/p>\n<p>Praszl lobt vor allem die Kombination aus Fahrwerk und Rekuperation: \u201eDas i-Pedal erm\u00f6glicht intelligentes Bremsen \u00fcber die Elektromotoren. So schone ich die mechanische Bremse und kann pr\u00e4zise in die Kurven gehen. Das Auto zieht ph\u00e4nomenal aus der Kurve raus.\u201c<\/p>\n<p>Sein Fazit ist eindeutig: \u201eDer Kia EV6 GT ist das einzige Auto, mit dem ich einen Rundenrekord fahre und danach im Eco-Modus gem\u00fctlich mit der Familie nach Hause cruise \u2013 das ultimative Familienauto.\u201c<\/p>\n<p>Die Rekordfahrt ist mehr als ein PR-Coup. Sie zeigt, wie weit Elektromobilit\u00e4t gekommen ist: leistungsf\u00e4hig, alltagstauglich und bereit f\u00fcr gro\u00dfe Momente. F\u00fcr Kurt Praszl ist klar: \u201eElektroautos sind nicht nur die Zukunft \u2013 sie sind schon heute auf der \u00dcberholspur\u201c, wie er gegen\u00fcber der Homepage <a href=\"http:\/\/www.autoinfos.at\">www.autoinfos.at<\/a> sagt.<\/p>\n<\/div><div class=\"fusion-image-carousel fusion-image-carousel-auto fusion-carousel-border\"><div class=\"fusion-carousel\" data-autoplay=\"no\" data-columns=\"5\" data-itemmargin=\"13\" data-itemwidth=\"180\" data-touchscroll=\"no\" data-imagesize=\"auto\"><div class=\"fusion-carousel-positioner\"><ul class=\"fusion-carousel-holder\"><li class=\"fusion-carousel-item\"><div class=\"fusion-carousel-item-wrapper\"><div class=\"fusion-image-wrapper hover-type-none\"><img loading=\"lazy\" decoding=\"async\" width=\"750\" height=\"500\" src=\"https:\/\/i0.wp.com\/www.city-magazin.at\/wp-content\/uploads\/2025\/11\/2025-12-KIA-2.png?fit=750%2C500&amp;ssl=1\" class=\"attachment-full size-full\" alt=\"Kurt Praszl: Der Mann hinter dem Rekord\" srcset=\"https:\/\/i0.wp.com\/www.city-magazin.at\/wp-content\/uploads\/2025\/11\/2025-12-KIA-2.png?resize=200%2C133&amp;ssl=1 200w, https:\/\/i0.wp.com\/www.city-magazin.at\/wp-content\/uploads\/2025\/11\/2025-12-KIA-2.png?resize=300%2C200&amp;ssl=1 300w, https:\/\/i0.wp.com\/www.city-magazin.at\/wp-content\/uploads\/2025\/11\/2025-12-KIA-2.png?resize=400%2C267&amp;ssl=1 400w, https:\/\/i0.wp.com\/www.city-magazin.at\/wp-content\/uploads\/2025\/11\/2025-12-KIA-2.png?resize=600%2C400&amp;ssl=1 600w, https:\/\/i0.wp.com\/www.city-magazin.at\/wp-content\/uploads\/2025\/11\/2025-12-KIA-2.png?fit=750%2C500&amp;ssl=1 750w\" sizes=\"auto, (max-width: 750px) 100vw, 750px\" \/><\/div><\/div><\/li><li class=\"fusion-carousel-item\"><div class=\"fusion-carousel-item-wrapper\"><div class=\"fusion-image-wrapper hover-type-none\"><img loading=\"lazy\" decoding=\"async\" width=\"750\" height=\"500\" src=\"https:\/\/i0.wp.com\/www.city-magazin.at\/wp-content\/uploads\/2025\/11\/2025-12-KIA-3.png?fit=750%2C500&amp;ssl=1\" class=\"attachment-full size-full\" alt=\"Mit dem 650 PS starken Kia EV6 GT\" srcset=\"https:\/\/i0.wp.com\/www.city-magazin.at\/wp-content\/uploads\/2025\/11\/2025-12-KIA-3.png?resize=200%2C133&amp;ssl=1 200w, https:\/\/i0.wp.com\/www.city-magazin.at\/wp-content\/uploads\/2025\/11\/2025-12-KIA-3.png?resize=300%2C200&amp;ssl=1 300w, https:\/\/i0.wp.com\/www.city-magazin.at\/wp-content\/uploads\/2025\/11\/2025-12-KIA-3.png?resize=400%2C267&amp;ssl=1 400w, https:\/\/i0.wp.com\/www.city-magazin.at\/wp-content\/uploads\/2025\/11\/2025-12-KIA-3.png?resize=600%2C400&amp;ssl=1 600w, https:\/\/i0.wp.com\/www.city-magazin.at\/wp-content\/uploads\/2025\/11\/2025-12-KIA-3.png?fit=750%2C500&amp;ssl=1 750w\" sizes=\"auto, (max-width: 750px) 100vw, 750px\" \/><\/div><\/div><\/li><\/ul><div class=\"fusion-carousel-nav\"><span class=\"fusion-nav-prev\"><\/span><span class=\"fusion-nav-next\"><\/span><\/div><\/div><\/div><\/div><div class=\"fusion-text\"><p style=\"text-align: center;\">Fotos: \u00a9 KIA<\/p>\n<\/div><div class=\"fusion-clearfix\"><\/div>\n\n\t\t\t\t\t<\/div>\n\t\t\t\t<\/div><\/div><\/div>\n","protected":false},"excerpt":{"rendered":"<p>Am 20. Oktober 2025 wurde am Red Bull Ring ein neues Kapitel f\u00fcr die Elektromobilit\u00e4t aufgeschlagen: Der Kia EV6 GT stellte einen Rundenrekord f\u00fcr stra\u00dfenzugelassene Elektroautos auf \u2013 1:49,39 Minuten.<\/p>\n","protected":false},"author":2,"featured_media":7241,"comment_status":"closed","ping_status":"closed","sticky":false,"template":"","format":"standard","meta":{"jetpack_post_was_ever_published":false,"_jetpack_newsletter_access":"","_jetpack_dont_email_post_to_subs":false,"_jetpack_newsletter_tier_id":0,"_jetpack_memberships_contains_paywalled_content":false,"_jetpack_memberships_contains_paid_content":false,"footnotes":"","jetpack_publicize_message":"","jetpack_publicize_feature_enabled":true,"jetpack_social_post_already_shared":true,"jetpack_social_options":{"image_generator_settings":{"template":"highway","default_image_id":0,"font":"","enabled":false},"version":2}},"categories":[31,1],"tags":[],"class_list":["post-7238","post","type-post","status-publish","format-standard","has-post-thumbnail","hentry","category-aktuell","category-allgemein"],"jetpack_publicize_connections":[],"jetpack_featured_media_url":"https:\/\/i0.wp.com\/www.city-magazin.at\/wp-content\/uploads\/2025\/11\/2025-12-KIA-1.png?fit=1336%2C750&ssl=1","jetpack_shortlink":"https:\/\/wp.me\/p7QK0n-1SK","jetpack_sharing_enabled":true,"_links":{"self":[{"href":"https:\/\/www.city-magazin.at\/index.php\/wp-json\/wp\/v2\/posts\/7238","targetHints":{"allow":["GET"]}}],"collection":[{"href":"https:\/\/www.city-magazin.at\/index.php\/wp-json\/wp\/v2\/posts"}],"about":[{"href":"https:\/\/www.city-magazin.at\/index.php\/wp-json\/wp\/v2\/types\/post"}],"author":[{"embeddable":true,"href":"https:\/\/www.city-magazin.at\/index.php\/wp-json\/wp\/v2\/users\/2"}],"replies":[{"embeddable":true,"href":"https:\/\/www.city-magazin.at\/index.php\/wp-json\/wp\/v2\/comments?post=7238"}],"version-history":[{"count":2,"href":"https:\/\/www.city-magazin.at\/index.php\/wp-json\/wp\/v2\/posts\/7238\/revisions"}],"predecessor-version":[{"id":7243,"href":"https:\/\/www.city-magazin.at\/index.php\/wp-json\/wp\/v2\/posts\/7238\/revisions\/7243"}],"wp:featuredmedia":[{"embeddable":true,"href":"https:\/\/www.city-magazin.at\/index.php\/wp-json\/wp\/v2\/media\/7241"}],"wp:attachment":[{"href":"https:\/\/www.city-magazin.at\/index.php\/wp-json\/wp\/v2\/media?parent=7238"}],"wp:term":[{"taxonomy":"category","embeddable":true,"href":"https:\/\/www.city-magazin.at\/index.php\/wp-json\/wp\/v2\/categories?post=7238"},{"taxonomy":"post_tag","embeddable":true,"href":"https:\/\/www.city-magazin.at\/index.php\/wp-json\/wp\/v2\/tags?post=7238"}],"curies":[{"name":"wp","href":"https:\/\/api.w.org\/{rel}","templated":true}]}}