{"id":7299,"date":"2026-01-25T17:41:53","date_gmt":"2026-01-25T16:41:53","guid":{"rendered":"https:\/\/www.city-magazin.at\/?p=7299"},"modified":"2026-02-23T20:45:11","modified_gmt":"2026-02-23T19:45:11","slug":"februarferien-2026","status":"publish","type":"post","link":"https:\/\/www.city-magazin.at\/index.php\/februarferien-2026\/","title":{"rendered":"Februarferien 2026"},"content":{"rendered":"<div class=\"fusion-fullwidth fullwidth-box nonhundred-percent-fullwidth non-hundred-percent-height-scrolling\"  style='background-color: rgba(255,255,255,0);background-position: center center;background-repeat: no-repeat;padding-top:20px;padding-right:0px;padding-bottom:20px;padding-left:0px;'><div class=\"fusion-builder-row fusion-row \"><div  class=\"fusion-layout-column fusion_builder_column fusion_builder_column_1_1  fusion-one-full fusion-column-first fusion-column-last 1_1\"  style='margin-top:0px;margin-bottom:20px;'>\n\t\t\t\t\t<div class=\"fusion-column-wrapper\" style=\"padding: 0px 0px 0px 0px;background-position:left top;background-repeat:no-repeat;-webkit-background-size:cover;-moz-background-size:cover;-o-background-size:cover;background-size:cover;\"  data-bg-url=\"\">\n\t\t\t\t\t\t<div class=\"fusion-title title fusion-sep-none fusion-title-size-one\" style=\"margin-top:0px;margin-bottom:31px;\"><h1 class=\"title-heading-left\"><h1><span style=\"color: #e20714;\">Keine Langeweile <\/span>im Februar<\/h1><\/h1><\/div><div class=\"fusion-title title fusion-sep-none fusion-title-size-one\" style=\"margin-top:0px;margin-bottom:31px;\"><h1 class=\"title-heading-left\"><h4>Drei St\u00e4dte, drei Ferienprogramme \u2013 von sportlichem Winterspa\u00df bis Kultur.<\/h4><\/h1><\/div><div class=\"fusion-text\"><p><span data-olk-copy-source=\"MessageBody\">A<\/span>uch wenn viele St\u00e4dter die Semesterferien \u2013 die Schulnachrichten werden am Freitag, den 13. Februar verteilt; hoffentlich kein schlechtes Omen \u2013 f\u00fcr einen Urlaub nutzen, gibt es auch viele, die daheimbleiben.<br \/>\n<!--more--><\/p>\n<p>Aber langweilig wird es weder in Linz noch in Steyr oder in Wels. Denn in den drei St\u00e4dten gibt es auch heuer wieder einiges zu erleben.<\/p>\n<p><strong>Linz: Kultur, Technik &amp; Bewegung.<\/strong><\/p>\n<p>In Linz erwartet Familien ein besonders vielf\u00e4ltiges Semesterferienprogramm. Herzst\u00fcck ist erneut Museum Total: Ein einziges Ticket er\u00f6ffnet vier Tage lang Zugang zu sieben Museen, flankiert von Workshops, Rundg\u00e4ngen und interaktiven Angeboten \u2013 ideal, um Kultur gemeinsam und leistbar zu erleben. Technikbegeisterte kommen im Ars Electronica Center auf ihre Kosten, wo Zukunftstechnologien zum Begreifen nahegebracht werden. Kreativ wird es im Lentos Kunstmuseum, in dem Kinder im Atelier eigene Kunstwerke gestalten. Im Kinderkulturzentrum Kuddelmuddel stehen Theater, Konzerte und der beliebte Fernsehkasperl t\u00e4glich auf dem Programm. Sportliche Abwechslung bieten die Linz\u2011B\u00e4der, in denen Sch\u00fcler und Studierende gratis schwimmen und zum halben Preis eislaufen k\u00f6nnen. Ein besonderes Highlight ist der 500 Meter lange Eislaufweg im Donaupark, der sich malerisch durch das Winterpanorama zieht.<\/p>\n<p><strong>Steyr: Geschichte Erleben. <\/strong>Steyr l\u00e4dt im Februar zu einer spannenden Mischung aus Bildung und Abenteuer. Bei den \u201eKleinen Steyrer Stadtdetektiven\u201c am 14. und 21. Februar erkunden Kinder zwischen 6 und 14 Jahren auf einer zweist\u00fcndigen Altstadt\u2011Tour fast 1.000 Jahre Stadtgeschichte \u2013 auf spielerische Weise und in Begleitung eines Erwachsenen. Treffpunkt ist beim Rathaus, die Anmeldung erfolgt bis 12 Uhr online. Die Teilnahme kostet zehn Euro, Kinder zahlen f\u00fcnf Euro, mit O\u00d6 Familienkarte ist die Teilnahme sogar gratis. Zus\u00e4tzlich bietet der Tourismusverband Alpenland gemeinsam mit Lebensraum Ennstal vom 16. bis 20. Februar ein abwechslungsreiches Ferienprogramm im Stadtmuseum: historische Objekte, eine erlebbare Schmiede, Mitmach\u2011Stationen und kindgerechte Videos \u00fcber bekannte Steyrer Pers\u00f6nlichkeiten machen das Museum zu einem lebendigen Lernort.<\/p>\n<p><strong>Wels: F\u00fcr Alle. <\/strong>Wels punktet in der Saison 2025\/26 mit einem breit gef\u00e4cherten Freizeitangebot. Die Eishalle Wels bleibt bis<br \/>\n1. M\u00e4rz ge\u00f6ffnet und bietet t\u00e4gliche Publikumslaufzeiten \u2013 ideal f\u00fcr Familien und Hobbysportler. Warme Temperaturen, Rutschen und Gastronomie machen das Welldorado Hallenbad zum perfekten R\u00fcckzugsort f\u00fcr alle, die dem Winter kurz entfliehen wollen. F\u00fcr Kinder stehen zudem besondere Geburtstagspakete in den st\u00e4dtischen Museen zur Auswahl: In der Burg Wels warten historische F\u00fchrungen oder gemeinsames Brotbacken, im Minoriten Museum erleben Kinder die r\u00f6mische Welt hautnah \u2013 vom M\u00fcnzpr\u00e4gen bis zur bekannten Schildkr\u00f6tenformation. Erg\u00e4nzend bieten die st\u00e4dtischen Jugendtreffs sichere, alkoholfreie R\u00e4ume f\u00fcr 8\u2011 bis 18\u2011J\u00e4hrige mit Spielen und Betreuung direkt im Wohnumfeld.<\/p>\n<p><span style=\"color: #ff0000;\"><strong>Jetzt hoch im Kurs: Eislaufen<\/strong><\/span><\/p>\n<p>Viel glattes Parkett im St\u00e4dtedreieck<\/p>\n<p><strong>Kurven gefragt.<\/strong> Im Linzer Parkbad befindet sich beim modernisierten Eislaufplatz auch der 500 m lange Eislaufweg. Auch im Sch\u00f6rgenhubbad und in der Saunaoase Ebelsberg ist Eislaufen m\u00f6glich. In Wels startete am Stadtplatz die EIS-8erBahn wieder durch, In Steyr ist das Eislaufen in der Kunsteisbahn am Rennbahnweg m\u00f6glich. Und in Leonding am Stadtplatz.<\/p>\n<\/div><div class=\"fusion-image-carousel fusion-image-carousel-fixed lightbox-enabled\"><div class=\"fusion-carousel\" data-autoplay=\"yes\" data-columns=\"5\" data-itemmargin=\"6\" data-itemwidth=\"180\" data-touchscroll=\"no\" data-imagesize=\"fixed\"><div class=\"fusion-carousel-positioner\"><ul class=\"fusion-carousel-holder\"><li class=\"fusion-carousel-item\"><div class=\"fusion-carousel-item-wrapper\"><div class=\"fusion-image-wrapper hover-type-liftup\"><a data-rel=\"iLightbox[gallery_image_1]\" data-caption=\"MITMACHSTATION. Kinder\nbeim Bruckner-Fris\u00f6r in Steyr.\" data-title=\"2026-02-Februar-5\" aria-label=\"2026-02-Februar-5\" href=\"https:\/\/i0.wp.com\/www.city-magazin.at\/wp-content\/uploads\/2026\/01\/2026-02-Februar-5.png\" target=\"_self\"><img loading=\"lazy\" decoding=\"async\" width=\"320\" height=\"202\" src=\"https:\/\/i0.wp.com\/www.city-magazin.at\/wp-content\/uploads\/2026\/01\/2026-02-Februar-5.png?resize=320%2C202&amp;ssl=1\" class=\"attachment-blog-medium size-blog-medium\" alt=\"MITMACHSTATION. Kinder beim Bruckner-Fris\u00f6r in Steyr.\" srcset=\"https:\/\/i0.wp.com\/www.city-magazin.at\/wp-content\/uploads\/2026\/01\/2026-02-Februar-5.png?resize=320%2C202&amp;ssl=1 320w, https:\/\/i0.wp.com\/www.city-magazin.at\/wp-content\/uploads\/2026\/01\/2026-02-Februar-5.png?zoom=2&amp;resize=320%2C202 640w, https:\/\/i0.wp.com\/www.city-magazin.at\/wp-content\/uploads\/2026\/01\/2026-02-Februar-5.png?resize=700%2C441&amp;ssl=1 700w, https:\/\/i0.wp.com\/www.city-magazin.at\/wp-content\/uploads\/2026\/01\/2026-02-Februar-5.png?fit=749%2C500&amp;ssl=1 749w\" sizes=\"auto, (max-width: 320px) 100vw, 320px\" \/><\/a><\/div><\/div><\/li><li class=\"fusion-carousel-item\"><div class=\"fusion-carousel-item-wrapper\"><div class=\"fusion-image-wrapper hover-type-liftup\"><a data-rel=\"iLightbox[gallery_image_1]\" data-caption=\"FEUCHT-FR\u00d6HLICH.\nWelldorado-Rutschvergn\u00fcgen in Wels.\" data-title=\"2026-02-Februar-4\" aria-label=\"2026-02-Februar-4\" href=\"https:\/\/i0.wp.com\/www.city-magazin.at\/wp-content\/uploads\/2026\/01\/2026-02-Februar-4.png\" target=\"_self\"><img loading=\"lazy\" decoding=\"async\" width=\"320\" height=\"202\" src=\"https:\/\/i0.wp.com\/www.city-magazin.at\/wp-content\/uploads\/2026\/01\/2026-02-Februar-4.png?resize=320%2C202&amp;ssl=1\" class=\"attachment-blog-medium size-blog-medium\" alt=\"FEUCHT-FR\u00d6HLICH. Welldorado-Rutschvergn\u00fcgen in Wels.\" srcset=\"https:\/\/i0.wp.com\/www.city-magazin.at\/wp-content\/uploads\/2026\/01\/2026-02-Februar-4.png?resize=320%2C202&amp;ssl=1 320w, https:\/\/i0.wp.com\/www.city-magazin.at\/wp-content\/uploads\/2026\/01\/2026-02-Februar-4.png?fit=333%2C500&amp;ssl=1 333w\" sizes=\"auto, (max-width: 320px) 100vw, 320px\" \/><\/a><\/div><\/div><\/li><li class=\"fusion-carousel-item\"><div class=\"fusion-carousel-item-wrapper\"><div class=\"fusion-image-wrapper hover-type-liftup\"><a data-rel=\"iLightbox[gallery_image_1]\" data-caption=\"COOL. Viele Angebote f\u00fcr Eislaufbegeisterte\" data-title=\"2026-02-Februar-3\" aria-label=\"2026-02-Februar-3\" href=\"https:\/\/i0.wp.com\/www.city-magazin.at\/wp-content\/uploads\/2026\/01\/2026-02-Februar-3.png\" target=\"_self\"><img loading=\"lazy\" decoding=\"async\" width=\"320\" height=\"202\" src=\"https:\/\/i0.wp.com\/www.city-magazin.at\/wp-content\/uploads\/2026\/01\/2026-02-Februar-3.png?resize=320%2C202&amp;ssl=1\" class=\"attachment-blog-medium size-blog-medium\" alt=\"COOL. Viele Angebote f\u00fcr Eislaufbegeisterte\" srcset=\"https:\/\/i0.wp.com\/www.city-magazin.at\/wp-content\/uploads\/2026\/01\/2026-02-Februar-3.png?resize=320%2C202&amp;ssl=1 320w, https:\/\/i0.wp.com\/www.city-magazin.at\/wp-content\/uploads\/2026\/01\/2026-02-Februar-3.png?zoom=2&amp;resize=320%2C202 640w, https:\/\/i0.wp.com\/www.city-magazin.at\/wp-content\/uploads\/2026\/01\/2026-02-Februar-3.png?resize=700%2C441&amp;ssl=1 700w, https:\/\/i0.wp.com\/www.city-magazin.at\/wp-content\/uploads\/2026\/01\/2026-02-Februar-3.png?fit=864%2C500&amp;ssl=1 864w\" sizes=\"auto, (max-width: 320px) 100vw, 320px\" \/><\/a><\/div><\/div><\/li><li class=\"fusion-carousel-item\"><div class=\"fusion-carousel-item-wrapper\"><div class=\"fusion-image-wrapper hover-type-liftup\"><a data-rel=\"iLightbox[gallery_image_1]\" data-caption=\"FASCHINGSVERBRENNEN.\nBevor die Strohfigur am Faschingsdienstag\nverbrannt wird, gibt es am Stadtplatz von\nSteyr noch ein buntes Nachmittagsprogramm.\" data-title=\"2026-02-Februar-2\" aria-label=\"2026-02-Februar-2\" href=\"https:\/\/i0.wp.com\/www.city-magazin.at\/wp-content\/uploads\/2026\/01\/2026-02-Februar-2.png\" target=\"_self\"><img loading=\"lazy\" decoding=\"async\" width=\"320\" height=\"202\" src=\"https:\/\/i0.wp.com\/www.city-magazin.at\/wp-content\/uploads\/2026\/01\/2026-02-Februar-2.png?resize=320%2C202&amp;ssl=1\" class=\"attachment-blog-medium size-blog-medium\" alt=\"FASCHINGSVERBRENNEN. Bevor die Strohfigur am Faschingsdienstag verbrannt wird, gibt es am Stadtplatz von Steyr noch ein buntes Nachmittagsprogramm.\" srcset=\"https:\/\/i0.wp.com\/www.city-magazin.at\/wp-content\/uploads\/2026\/01\/2026-02-Februar-2.png?resize=320%2C202&amp;ssl=1 320w, https:\/\/i0.wp.com\/www.city-magazin.at\/wp-content\/uploads\/2026\/01\/2026-02-Februar-2.png?fit=375%2C500&amp;ssl=1 375w\" sizes=\"auto, (max-width: 320px) 100vw, 320px\" \/><\/a><\/div><\/div><\/li><li class=\"fusion-carousel-item\"><div class=\"fusion-carousel-item-wrapper\"><div class=\"fusion-image-wrapper hover-type-liftup\"><a data-rel=\"iLightbox[gallery_image_1]\" data-caption=\"FASCHINGSVERBRENNEN.\nBevor die Strohfigur am Faschingsdienstag\nverbrannt wird, gibt es am Stadtplatz von\nSteyr noch ein buntes Nachmittagsprogramm.\" data-title=\"2026-02-Februar-1\" aria-label=\"2026-02-Februar-1\" href=\"https:\/\/i0.wp.com\/www.city-magazin.at\/wp-content\/uploads\/2026\/01\/2026-02-Februar-1.png\" target=\"_self\"><img loading=\"lazy\" decoding=\"async\" width=\"320\" height=\"202\" src=\"https:\/\/i0.wp.com\/www.city-magazin.at\/wp-content\/uploads\/2026\/01\/2026-02-Februar-1.png?resize=320%2C202&amp;ssl=1\" class=\"attachment-blog-medium size-blog-medium\" alt=\"FASCHINGSVERBRENNEN. Bevor die Strohfigur am Faschingsdienstag verbrannt wird, gibt es am Stadtplatz von Steyr noch ein buntes Nachmittagsprogramm.\" srcset=\"https:\/\/i0.wp.com\/www.city-magazin.at\/wp-content\/uploads\/2026\/01\/2026-02-Februar-1.png?resize=320%2C202&amp;ssl=1 320w, https:\/\/i0.wp.com\/www.city-magazin.at\/wp-content\/uploads\/2026\/01\/2026-02-Februar-1.png?fit=667%2C500&amp;ssl=1 667w\" sizes=\"auto, (max-width: 320px) 100vw, 320px\" \/><\/a><\/div><\/div><\/li><\/ul><\/div><\/div><\/div><div class=\"fusion-text\"><p style=\"text-align: center;\">Fotos: \u00a9 Tobias Zachl, Magistrat Steyr, LinzAG, Stadt Wels<\/p>\n<\/div><div class=\"fusion-clearfix\"><\/div>\n\n\t\t\t\t\t<\/div>\n\t\t\t\t<\/div><\/div><\/div>\n","protected":false},"excerpt":{"rendered":"<p>Auch wenn viele St\u00e4dter die Semesterferien \u2013 die Schulnachrichten werden am Freitag, den 13. Februar verteilt; hoffentlich kein schlechtes Omen \u2013 f\u00fcr einen Urlaub nutzen, gibt es auch viele, die daheimbleiben.<\/p>\n","protected":false},"author":2,"featured_media":7303,"comment_status":"closed","ping_status":"closed","sticky":false,"template":"","format":"standard","meta":{"jetpack_post_was_ever_published":false,"_jetpack_newsletter_access":"","_jetpack_dont_email_post_to_subs":false,"_jetpack_newsletter_tier_id":0,"_jetpack_memberships_contains_paywalled_content":false,"_jetpack_memberships_contains_paid_content":false,"footnotes":"","jetpack_publicize_message":"","jetpack_publicize_feature_enabled":true,"jetpack_social_post_already_shared":true,"jetpack_social_options":{"image_generator_settings":{"template":"highway","default_image_id":0,"font":"","enabled":false},"version":2}},"categories":[1,16],"tags":[],"class_list":["post-7299","post","type-post","status-publish","format-standard","has-post-thumbnail","hentry","category-allgemein","category-leute"],"jetpack_publicize_connections":[],"jetpack_featured_media_url":"https:\/\/i0.wp.com\/www.city-magazin.at\/wp-content\/uploads\/2026\/01\/2026-02-Februar.png?fit=1100%2C500&ssl=1","jetpack_shortlink":"https:\/\/wp.me\/p7QK0n-1TJ","jetpack_sharing_enabled":true,"_links":{"self":[{"href":"https:\/\/www.city-magazin.at\/index.php\/wp-json\/wp\/v2\/posts\/7299","targetHints":{"allow":["GET"]}}],"collection":[{"href":"https:\/\/www.city-magazin.at\/index.php\/wp-json\/wp\/v2\/posts"}],"about":[{"href":"https:\/\/www.city-magazin.at\/index.php\/wp-json\/wp\/v2\/types\/post"}],"author":[{"embeddable":true,"href":"https:\/\/www.city-magazin.at\/index.php\/wp-json\/wp\/v2\/users\/2"}],"replies":[{"embeddable":true,"href":"https:\/\/www.city-magazin.at\/index.php\/wp-json\/wp\/v2\/comments?post=7299"}],"version-history":[{"count":9,"href":"https:\/\/www.city-magazin.at\/index.php\/wp-json\/wp\/v2\/posts\/7299\/revisions"}],"predecessor-version":[{"id":7319,"href":"https:\/\/www.city-magazin.at\/index.php\/wp-json\/wp\/v2\/posts\/7299\/revisions\/7319"}],"wp:featuredmedia":[{"embeddable":true,"href":"https:\/\/www.city-magazin.at\/index.php\/wp-json\/wp\/v2\/media\/7303"}],"wp:attachment":[{"href":"https:\/\/www.city-magazin.at\/index.php\/wp-json\/wp\/v2\/media?parent=7299"}],"wp:term":[{"taxonomy":"category","embeddable":true,"href":"https:\/\/www.city-magazin.at\/index.php\/wp-json\/wp\/v2\/categories?post=7299"},{"taxonomy":"post_tag","embeddable":true,"href":"https:\/\/www.city-magazin.at\/index.php\/wp-json\/wp\/v2\/tags?post=7299"}],"curies":[{"name":"wp","href":"https:\/\/api.w.org\/{rel}","templated":true}]}}