{"id":7496,"date":"2026-04-27T19:00:37","date_gmt":"2026-04-27T17:00:37","guid":{"rendered":"https:\/\/www.city-magazin.at\/?p=7496"},"modified":"2026-04-27T16:51:33","modified_gmt":"2026-04-27T14:51:33","slug":"witzany-trifft-gerhard-haderer","status":"publish","type":"post","link":"https:\/\/www.city-magazin.at\/index.php\/witzany-trifft-gerhard-haderer\/","title":{"rendered":"Witzany trifft Gerhard Haderer"},"content":{"rendered":"<div class=\"fusion-fullwidth fullwidth-box nonhundred-percent-fullwidth non-hundred-percent-height-scrolling\"  style='background-color: rgba(255,255,255,0);background-position: center center;background-repeat: no-repeat;padding-top:20px;padding-right:0px;padding-bottom:20px;padding-left:0px;'><div class=\"fusion-builder-row fusion-row \"><div  class=\"fusion-layout-column fusion_builder_column fusion_builder_column_1_1  fusion-one-full fusion-column-first fusion-column-last 1_1\"  style='margin-top:0px;margin-bottom:20px;'>\n\t\t\t\t\t<div class=\"fusion-column-wrapper\" style=\"padding: 0px 0px 0px 0px;background-position:left top;background-repeat:no-repeat;-webkit-background-size:cover;-moz-background-size:cover;-o-background-size:cover;background-size:cover;\"  data-bg-url=\"\">\n\t\t\t\t\t\t<div class=\"fusion-title title fusion-sep-none fusion-title-size-one\" style=\"margin-top:0px;margin-bottom:31px;\"><h1 class=\"title-heading-left\"><h1>Ein <span style=\"color: #e20714;\">genialer Typ <\/span><\/h1><\/h1><\/div><div class=\"fusion-title title fusion-sep-none fusion-title-size-one\" style=\"margin-top:0px;margin-bottom:31px;\"><h1 class=\"title-heading-left\"><h4>Kult-Zeichner Gerhard Haderer feiert den 75. Geburtstag.<\/h4><\/h1><\/div><div class=\"fusion-social-links\"><div class=\"fusion-social-networks boxed-icons\"><div class=\"fusion-social-networks-wrapper\"><a class=\"fusion-social-network-icon fusion-tooltip fusion-spotify fusion-icon-spotify\" style=\"color:#e20714;background-color:#e8e8e8;border-color:#e8e8e8;border-radius:Zum CITY!-Talk Podcast;\" aria-label=\"fusion-spotify\" target=\"_blank\" rel=\"noopener noreferrer\" href=\"https:\/\/open.spotify.com\/embed-podcast\/episode\/37fEiNOTaapiXE6EQ9RrJS?si=fT_Qv_SITJ2CemI2R6KG1A&amp;nd=1&amp;dlsi=a58882a087c946f5\" data-placement=\"left\" data-title=\"Spotify\" data-toggle=\"tooltip\" title=\"Spotify\"><\/a><\/div><\/div><\/div><div class=\"fusion-text\"><p>Es wird \u201emofftalgisch\u201d: Ich treffe den Gerhard Haderer, den Kult-Cartoonisten im Caf\u00e9 Central in der Linzer Innenstadt. Er wird im Mai 75. Seine Karikaturen erscheinen in bekannten Magazinen, und seine Ausstellungen &#8211; wie jene ab 29. Mai im Linzer Schlossmuseum &#8211; ziehen Massen an.<!--more--><\/p>\n<p>Und mit ihm nahmen wir auch unseren ersten <a href=\"https:\/\/open.spotify.com\/embed-podcast\/episode\/37fEiNOTaapiXE6EQ9RrJS?si=fT_Qv_SITJ2CemI2R6KG1A&amp;nd=1&amp;dlsi=a58882a087c946f5\">Podcast<\/a> auf.<\/p>\n<p><strong><em>Lieber Gerhard, wie hat eigentlich alles mit dem \u201eHaderer\u201d begonnen?<\/em><\/strong><\/p>\n<p>Ich habe als Kind st\u00e4ndig gezeichnet. Sp\u00e4ter habe ich gemerkt, dass meine Zeichnungen Aufmerksamkeit erregen &#8211; nicht immer positiv. In der Schule gab es deswegen sogar kleine Skandale. Aber ich habe gesehen: Die Leute schauen hin. Also habe ich weitergemacht mit etwas, das mir Spa\u00df macht. Daraus ist ein Beruf geworden. Es war aber kein Plan dahinter, eher ein Hineinwachsen in etwas, das sich einfach richtig angef\u00fchlt hat.<\/p>\n<p><strong><em>Du bist in Leonding geboren &#8211; welche Rolle hat sp\u00e4ter Linz f\u00fcr Dich gespielt?<\/em><\/strong><\/p>\n<p>Leonding war damals ein Dorf. F\u00fcr Abenteuer bin ich nach Linz gefahren &#8211; das war f\u00fcr mich das Zentrum des Planeten. Ein Drecksnest, wie man heute r\u00fcckblickend sagt. Ja (lacht), ich habe es damals so empfunden. Mittlerweile ist Linz nat\u00fcrlich eine der lebenswertesten und kultiviertesten St\u00e4dte der Welt (zwinkert). Dort habe ich gesp\u00fcrt, dass es mehr gibt als die eigene kleine Umgebung. Diese Spannung zwischen Provinz und Stadt hat mich gepr\u00e4gt.<\/p>\n<p><strong><em>Stimmt es, dass ein Professor an der Grafik-HTL einmal zu Dir gesagt hat: \u201eHaderer, ein Grafiker wirst Du nie\u201d?<\/em><\/strong><\/p>\n<p>Ja, das stimmt. Und ich habe mir gedacht: Das ist mir wurscht, dann werde ich halt der Haderer. Solche S\u00e4tze vergisst man nicht. Sie setzen sich fest und wirken weiter \u2013 im besten Fall eben als Antrieb.<\/p>\n<p><strong><em>Wie reagiert das Publikum auf Deine Karikaturen?<\/em><\/strong><\/p>\n<p>\u00dcberraschend positiv. Ich muss auch sagen, dass der gro\u00dfe Manfred Deix mit seinen Schweinereien, die er gemalt hat, das Publikum schon auf den Haderer vorbereitet hat. So habe ich schon eine mehr oder weniger offene T\u00fcre gefunden und habe halt meine Sicht der Dinge dargestellt. Everybody\u2019s darling wollte ich aber eh nie sein. Ich bin halt nicht der Hansi Hinterseer, obwohl ich so eine Frisur habe wie er (zwinkert). Ich zeichne ohne Botschaft, ohne Predigt. Ich beobachte, was passiert, und bringe es auf den Punkt. Und diese Sichtweise ist f\u00fcr jeden zumutbar. Dass daraus manchmal Skandale entstehen, hat mich anfangs irritiert, heute sehe ich das gelassener.<\/p>\n<p><strong><em>Gab es Momente, in denen Du auch an Grenzen gesto\u00dfen bist?<\/em><\/strong><\/p>\n<p>Ja, nat\u00fcrlich. Gerade wenn man politisch arbeitet, st\u00f6\u00dft man h\u00e4ufig auf Widerst\u00e4nde. Es gab Versuche, mich ruhigzustellen oder zumindest einzubremsen, etwa einen Gerichtsprozess, weil ich Politiker mit einem kleinen Gem\u00e4cht gezeichnet habe. Man wollte dann aber meinem Wunsch nicht folgen und den Wahrheitsbeweis antreten (lacht). So etwas geh\u00f6rt dazu. Wenn Satire niemanden st\u00f6rt, dann ist sie ja belanglos. Manche Politiker laden mich auch zum Essen ein \u2013 vielleicht, um nicht gezeichnet zu werden (lacht). Aber ich lehne meistens ab.<\/p>\n<p><strong><em>Zeigen Politiker auch Humor?<\/em><\/strong><\/p>\n<p>Ja, durchaus. Manche haben sich wiedererkannt \u2013 manchmal auf eine sehr eigene Art. Das zeigt auch, dass Humor nicht bei allen gleich funktioniert. Aber genau das macht es interessant. Ich habe einmal den Sch\u00fcssel und den Vranitzky als Dick und Doof gezeichnet. Der Vranitzky hat den Sch\u00fcssel sofort erkannt und mich dann aber gefragt, wer denn der Blade daneben ist.<\/p>\n<p><strong><em>Du hast einmal gemeint, dass Du nicht f\u00fcr ein Publikum zeichnest.\u00a0<\/em><\/strong><\/p>\n<p>Genau. Ich habe nie f\u00fcr Zielgruppen gearbeitet. Ich zeichne das, was ich denke. Manchmal braucht es Zeichnungen, weil Fotos nicht ausreichen, um Wirklichkeit zu zeigen. Ein Foto bildet ab, eine Zeichnung interpretiert \u2013 und manchmal trifft sie damit n\u00e4her an die Wahrheit.<\/p>\n<p><strong><em>Auf welches Bild von Dir bist Du eigentlich am meisten stolz?<\/em><\/strong><\/p>\n<p>Das gibt es nicht. Wichtig ist stets das, woran ich gerade arbeite. Das ist aktuell der Abschied von Viktor Orban. Alles andere ist abgeschlossen. Ich schaue nicht zur\u00fcck. Im Moment interessiert mich, was jetzt passiert &#8211; politisch, gesellschaftlich. Daraus entsteht die n\u00e4chste Zeichnung. Ich bin im Grunde meines Herzens ein fauler Hund. Aber wenn es Spa\u00df macht, dann arbeite ich die Nacht durch.<\/p>\n<p><strong><em>Wer ist Dein strengster Kritiker?<\/em><\/strong><\/p>\n<p>Meine Frau. Wenn sie sagt, \u201edas verstehe ich nicht\u201c, wird die Zeichnung verworfen. Sie ist meine erste Instanz. Es ist so: Entweder versteht der Leser sofort, worum es geht oder er bl\u00e4ttert weiter. Diese Direktheit ist wichtig. Man darf sich nicht in komplizierten Gedanken verlieren.<\/p>\n<p><strong><em>Hattest Du auch mal Existenz\u00e4ngste?<\/em><\/strong><\/p>\n<p>Ja, schon. Ich habe lange gedacht, dass man vom Zeichnen nicht leben kann. Meine Eltern waren auch skeptisch. Der Erich Sokol hat einmal gemeint, ich solle doch zum ORF gehen. Ich habe mich aber bewusst f\u00fcr ein einfaches Leben entschieden und habe ja auch eine sparsame Frau. Damit ist es sich immer ausgegangen. Oft braucht man weniger, als man glaubt.<\/p>\n<p><strong><em>Woher kommen Deine Ideen?<\/em><\/strong><\/p>\n<p>Ich habe keine Ideen. Mir f\u00e4llt nichts ein, aber mir f\u00e4llt vieles auf. Und das zeichne ich. Es ist eher ein Prozess des Hinschauens als des Erfindens.<\/p>\n<p><strong><em>Du hast die \u201eSchule des Ungehorsams\u201c gegr\u00fcndet. Warum?<\/em><\/strong><\/p>\n<p>Weil es mehr davon braucht. Ohne Ungehorsam gibt es keinen Fortschritt. Wir m\u00fcssen auf unsere Demokratie achten. Es kann nicht sein, dass Menschen nicht miteinander reden. Man muss sich informieren, sich einmischen und verst\u00e4ndlich ausdr\u00fccken. Das ist die Grundlage funktionierenden Zusammenlebens.<\/p>\n<p><strong><em>Was m\u00f6chtest Du der gro\u00dfen CITY!-Leserfamilie heute als Botschaft mitgeben?<\/em><\/strong><\/p>\n<p>Freiheit ist ein Luxus, aber auch ein empfindliches Pfl\u00e4nzchen. Wenn wir sie nicht pflegen, geht sie ein. Also nicht wegschauen, sondern Haltung zeigen und sich einbringen. Demokratie lebt vom Mitmachen.<\/p>\n<p><strong><em>Du feierst am 29. Mai den 75. Geburtstag \u2026<\/em><\/strong><\/p>\n<p>Ich staune selbst dar\u00fcber. Wenn man mich nachts weckt, glaube ich 20 zu sein &#8211; aber die Fakten sprechen nat\u00fcrlich dagegen. Ich habe jedoch genug Material, um weiterzuarbeiten &#8211; und das ist das Entscheidende. Solange ich arbeite, bin ich.<\/p>\n<p><span style=\"color: #ff0000;\"><strong>Ein guter Tag\u2026 <\/strong><\/span>ist jeder Tag, wenn man ihn positiv beginnt<br \/>\n<strong><span style=\"color: #ff0000;\">Meine letzte L\u00fcge war\u2026<\/span> <\/strong>ich hab noch nie gelogen, und das ist die gr\u00f6\u00dfte L\u00fcge<br \/>\n<span style=\"color: #ff0000;\"><strong>Geld ist\u2026 <\/strong><\/span>das Wichtigste, weil alle sind gl\u00fccklich wenn sie es haben<br \/>\n<strong><span style=\"color: #ff0000;\">Wenn ich morgen f\u00fcnf Millionen im Lotto gewinnen w\u00fcrde\u2026<\/span> <\/strong>das w\u00e4r mir zu\u00a0wenig, ich kann damit n\u00e4mlich nicht umgehen<br \/>\n<strong><span style=\"color: #ff0000;\">Blau-Wei\u00df ist f\u00fcr mich\u2026<\/span> <\/strong>eine Religion, die Einzige, die ich wirklich akzeptiere<br \/>\n<strong><span style=\"color: #ff0000;\">Wenn ich im Hotel einchecke, schreibe ich ins Feld Beruf\u2026<\/span> <\/strong>Spa\u00dfvogel<br \/>\n<strong><span style=\"color: #ff0000;\">Meine Frau nennt mich\u2026<\/span> <\/strong>Liebster, und sie hat recht damit<br \/>\n<strong><span style=\"color: #ff0000;\">Meine Kinder\u2026<\/span> <\/strong>muss ich nachz\u00e4hlen, aber sie sind alle erwachsen<strong>\u00a0<\/strong><br \/>\n<strong><span style=\"color: #ff0000;\">Mit Schmeicheleien\u2026<\/span> <\/strong>kann man bei mir nicht landen<br \/>\n<strong><span style=\"color: #ff0000;\">Zornig werde ich\u2026<\/span> <\/strong>\u00fcberhaupt nie<br \/>\n<span style=\"color: #ff0000;\"><strong>Geheimnisse \u2026 <\/strong><\/span>jede Menge, die ich aber nicht verrate<br \/>\n<strong><span style=\"color: #ff0000;\">Ich entspanne mich\u2026<\/span> <\/strong>bei meiner Arbeit<br \/>\n<strong><span style=\"color: #ff0000;\">Ruhestand\u2026<\/span> <\/strong>gibt es f\u00fcr mich nicht<br \/>\n<strong><span style=\"color: #ff0000;\">Lieblingsschimpfwort\u2026<\/span> <\/strong>hab ich auch nicht<br \/>\n<strong><span style=\"color: #ff0000;\">Bei Kritik\u2026<\/span> <\/strong>bin ich a bissal heikel<br \/>\n<strong><span style=\"color: #ff0000;\">SMS, WhatsApp oder Telefon\u2026<\/span> <\/strong>SMS geht \ud83d\ude09<br \/>\n<span style=\"color: #ff0000;\"><strong>Meine letzten Worte sollen sein\u2026 <\/strong><\/span>Tsch\u00fcss<\/p>\n<\/div><div class=\"fusion-image-carousel fusion-image-carousel-fixed lightbox-enabled\"><div class=\"fusion-carousel\" data-autoplay=\"yes\" data-columns=\"5\" data-itemmargin=\"\u00b46\" data-itemwidth=\"180\" data-touchscroll=\"no\" data-imagesize=\"fixed\"><div class=\"fusion-carousel-positioner\"><ul class=\"fusion-carousel-holder\"><li class=\"fusion-carousel-item\"><div class=\"fusion-carousel-item-wrapper\"><div class=\"fusion-image-wrapper hover-type-liftup\"><a data-rel=\"iLightbox[gallery_image_1]\" data-title=\"2026-05-Haderer-1\" aria-label=\"2026-05-Haderer-1\" href=\"https:\/\/i0.wp.com\/www.city-magazin.at\/wp-content\/uploads\/2026\/04\/2026-05-Haderer-1.png\" target=\"_self\"><img loading=\"lazy\" decoding=\"async\" width=\"320\" height=\"202\" src=\"https:\/\/i0.wp.com\/www.city-magazin.at\/wp-content\/uploads\/2026\/04\/2026-05-Haderer-1.png?resize=320%2C202&amp;ssl=1\" class=\"attachment-blog-medium size-blog-medium\" alt=\"\" srcset=\"https:\/\/i0.wp.com\/www.city-magazin.at\/wp-content\/uploads\/2026\/04\/2026-05-Haderer-1.png?resize=320%2C202&amp;ssl=1 320w, https:\/\/i0.wp.com\/www.city-magazin.at\/wp-content\/uploads\/2026\/04\/2026-05-Haderer-1.png?fit=500%2C684&amp;ssl=1 500w\" sizes=\"auto, (max-width: 320px) 100vw, 320px\" \/><\/a><\/div><\/div><\/li><li class=\"fusion-carousel-item\"><div class=\"fusion-carousel-item-wrapper\"><div class=\"fusion-image-wrapper hover-type-liftup\"><a data-rel=\"iLightbox[gallery_image_1]\" data-title=\"2026-05-Haderer-3\" aria-label=\"2026-05-Haderer-3\" href=\"https:\/\/i0.wp.com\/www.city-magazin.at\/wp-content\/uploads\/2026\/04\/2026-05-Haderer-3.png\" target=\"_self\"><img loading=\"lazy\" decoding=\"async\" width=\"320\" height=\"202\" src=\"https:\/\/i0.wp.com\/www.city-magazin.at\/wp-content\/uploads\/2026\/04\/2026-05-Haderer-3.png?resize=320%2C202&amp;ssl=1\" class=\"attachment-blog-medium size-blog-medium\" alt=\"\" srcset=\"https:\/\/i0.wp.com\/www.city-magazin.at\/wp-content\/uploads\/2026\/04\/2026-05-Haderer-3.png?resize=320%2C202&amp;ssl=1 320w, https:\/\/i0.wp.com\/www.city-magazin.at\/wp-content\/uploads\/2026\/04\/2026-05-Haderer-3.png?fit=500%2C684&amp;ssl=1 500w\" sizes=\"auto, (max-width: 320px) 100vw, 320px\" \/><\/a><\/div><\/div><\/li><li class=\"fusion-carousel-item\"><div class=\"fusion-carousel-item-wrapper\"><div class=\"fusion-image-wrapper hover-type-liftup\"><a data-rel=\"iLightbox[gallery_image_1]\" data-title=\"2026-05-Haderer-2\" aria-label=\"2026-05-Haderer-2\" href=\"https:\/\/i0.wp.com\/www.city-magazin.at\/wp-content\/uploads\/2026\/04\/2026-05-Haderer-2.png\" target=\"_self\"><img loading=\"lazy\" decoding=\"async\" width=\"320\" height=\"202\" src=\"https:\/\/i0.wp.com\/www.city-magazin.at\/wp-content\/uploads\/2026\/04\/2026-05-Haderer-2.png?resize=320%2C202&amp;ssl=1\" class=\"attachment-blog-medium size-blog-medium\" alt=\"\" srcset=\"https:\/\/i0.wp.com\/www.city-magazin.at\/wp-content\/uploads\/2026\/04\/2026-05-Haderer-2.png?resize=320%2C202&amp;ssl=1 320w, https:\/\/i0.wp.com\/www.city-magazin.at\/wp-content\/uploads\/2026\/04\/2026-05-Haderer-2.png?fit=500%2C684&amp;ssl=1 500w\" sizes=\"auto, (max-width: 320px) 100vw, 320px\" \/><\/a><\/div><\/div><\/li><li class=\"fusion-carousel-item\"><div class=\"fusion-carousel-item-wrapper\"><div class=\"fusion-image-wrapper hover-type-liftup\"><a data-rel=\"iLightbox[gallery_image_1]\" data-title=\"2026-05-Haderer-4\" aria-label=\"2026-05-Haderer-4\" href=\"https:\/\/i0.wp.com\/www.city-magazin.at\/wp-content\/uploads\/2026\/04\/2026-05-Haderer-4.png\" target=\"_self\"><img loading=\"lazy\" decoding=\"async\" width=\"320\" height=\"202\" src=\"https:\/\/i0.wp.com\/www.city-magazin.at\/wp-content\/uploads\/2026\/04\/2026-05-Haderer-4.png?resize=320%2C202&amp;ssl=1\" class=\"attachment-blog-medium size-blog-medium\" alt=\"\" srcset=\"https:\/\/i0.wp.com\/www.city-magazin.at\/wp-content\/uploads\/2026\/04\/2026-05-Haderer-4.png?resize=320%2C202&amp;ssl=1 320w, https:\/\/i0.wp.com\/www.city-magazin.at\/wp-content\/uploads\/2026\/04\/2026-05-Haderer-4.png?fit=500%2C684&amp;ssl=1 500w\" sizes=\"auto, (max-width: 320px) 100vw, 320px\" \/><\/a><\/div><\/div><\/li><\/ul><\/div><\/div><\/div><div class=\"fusion-text\"><p style=\"text-align: center;\">Fotos: \u00a9 Gerhard Haderer, T.Duschlbauer<\/p>\n<\/div><div class=\"fusion-clearfix\"><\/div>\n\n\t\t\t\t\t<\/div>\n\t\t\t\t<\/div><\/div><\/div>\n","protected":false},"excerpt":{"rendered":"<p>Es wird \u201emofftalgisch\u201d: Ich treffe den Gerhard Haderer, den Kult-Cartoonisten im Caf\u00e9 Central in der Linzer Innenstadt. Er wird im Mai 75. Seine Karikaturen erscheinen in bekannten Magazinen, und seine Ausstellungen &#8211; wie jene ab 29. Mai im Linzer Schlossmuseum &#8211; ziehen Massen an.<\/p>\n","protected":false},"author":2,"featured_media":7515,"comment_status":"closed","ping_status":"closed","sticky":false,"template":"","format":"standard","meta":{"jetpack_post_was_ever_published":false,"_jetpack_newsletter_access":"","_jetpack_dont_email_post_to_subs":false,"_jetpack_newsletter_tier_id":0,"_jetpack_memberships_contains_paywalled_content":false,"_jetpack_memberships_contains_paid_content":false,"footnotes":"","jetpack_publicize_message":"","jetpack_publicize_feature_enabled":true,"jetpack_social_post_already_shared":true,"jetpack_social_options":{"image_generator_settings":{"template":"highway","default_image_id":0,"font":"","enabled":false},"version":2}},"categories":[31,1],"tags":[],"class_list":["post-7496","post","type-post","status-publish","format-standard","has-post-thumbnail","hentry","category-aktuell","category-allgemein"],"jetpack_publicize_connections":[],"jetpack_featured_media_url":"https:\/\/i0.wp.com\/www.city-magazin.at\/wp-content\/uploads\/2026\/04\/2026-05-Haderer.png?fit=716%2C500&ssl=1","jetpack_shortlink":"https:\/\/wp.me\/p7QK0n-1WU","jetpack_sharing_enabled":true,"_links":{"self":[{"href":"https:\/\/www.city-magazin.at\/index.php\/wp-json\/wp\/v2\/posts\/7496","targetHints":{"allow":["GET"]}}],"collection":[{"href":"https:\/\/www.city-magazin.at\/index.php\/wp-json\/wp\/v2\/posts"}],"about":[{"href":"https:\/\/www.city-magazin.at\/index.php\/wp-json\/wp\/v2\/types\/post"}],"author":[{"embeddable":true,"href":"https:\/\/www.city-magazin.at\/index.php\/wp-json\/wp\/v2\/users\/2"}],"replies":[{"embeddable":true,"href":"https:\/\/www.city-magazin.at\/index.php\/wp-json\/wp\/v2\/comments?post=7496"}],"version-history":[{"count":15,"href":"https:\/\/www.city-magazin.at\/index.php\/wp-json\/wp\/v2\/posts\/7496\/revisions"}],"predecessor-version":[{"id":7510,"href":"https:\/\/www.city-magazin.at\/index.php\/wp-json\/wp\/v2\/posts\/7496\/revisions\/7510"}],"wp:featuredmedia":[{"embeddable":true,"href":"https:\/\/www.city-magazin.at\/index.php\/wp-json\/wp\/v2\/media\/7515"}],"wp:attachment":[{"href":"https:\/\/www.city-magazin.at\/index.php\/wp-json\/wp\/v2\/media?parent=7496"}],"wp:term":[{"taxonomy":"category","embeddable":true,"href":"https:\/\/www.city-magazin.at\/index.php\/wp-json\/wp\/v2\/categories?post=7496"},{"taxonomy":"post_tag","embeddable":true,"href":"https:\/\/www.city-magazin.at\/index.php\/wp-json\/wp\/v2\/tags?post=7496"}],"curies":[{"name":"wp","href":"https:\/\/api.w.org\/{rel}","templated":true}]}}