{"id":7517,"date":"2026-04-26T17:00:38","date_gmt":"2026-04-26T15:00:38","guid":{"rendered":"https:\/\/www.city-magazin.at\/?p=7517"},"modified":"2026-04-27T19:20:42","modified_gmt":"2026-04-27T17:20:42","slug":"freibadsaison-startet-in-mai","status":"publish","type":"post","link":"https:\/\/www.city-magazin.at\/index.php\/freibadsaison-startet-in-mai\/","title":{"rendered":"Freibadsaison startet in Mai"},"content":{"rendered":"<div class=\"fusion-fullwidth fullwidth-box nonhundred-percent-fullwidth non-hundred-percent-height-scrolling\"  style='background-color: rgba(255,255,255,0);background-position: center center;background-repeat: no-repeat;padding-top:20px;padding-right:0px;padding-bottom:20px;padding-left:0px;'><div class=\"fusion-builder-row fusion-row \"><div  class=\"fusion-layout-column fusion_builder_column fusion_builder_column_1_1  fusion-one-full fusion-column-first fusion-column-last 1_1\"  style='margin-top:0px;margin-bottom:20px;'>\n\t\t\t\t\t<div class=\"fusion-column-wrapper\" style=\"padding: 0px 0px 0px 0px;background-position:left top;background-repeat:no-repeat;-webkit-background-size:cover;-moz-background-size:cover;-o-background-size:cover;background-size:cover;\"  data-bg-url=\"\">\n\t\t\t\t\t\t<div class=\"fusion-title title fusion-sep-none fusion-title-size-one\" style=\"margin-top:0px;margin-bottom:31px;\"><h1 class=\"title-heading-left\"><h1>Badespa\u00df f\u00fcr <span style=\"color: #e20714;\">Gro\u00df &amp; Klein\u00a0<\/span><\/h1><\/h1><\/div><div class=\"fusion-title title fusion-sep-none fusion-title-size-one\" style=\"margin-top:0px;margin-bottom:31px;\"><h1 class=\"title-heading-left\"><h4>In Linz, Wels und Steyr warten die Freib\u00e4der ab Mai wieder mit Attraktionen auf.<\/h4><\/h1><\/div><div class=\"fusion-text\"><p>Jetzt geht es bald wieder los mit dem Badespa\u00df drau\u00dfen; und auch heuer warten die B\u00e4der in Linz, Wels und Steyr mit attraktiven Neuerungen auf, wie <em>CITY!<\/em> in Erfahrung gebracht hat.<!--more--><\/p>\n<p><strong>Schwimmen am Morgen. <\/strong>In Linz laufen im Moment in den Freiluftbereichen der B\u00e4der der Linz AG noch die Vorbereitungen; vom Bef\u00fcllen der Becken bis zu Reinigungs- und Gr\u00fcnarbeiten. Aufsperren werden Fitnessoase Parkbad, Wellnessoase Hummelhof und Erlebnisoase Sch\u00f6rgenhub planm\u00e4\u00dfig am 1. Mai. Die Familienoase Biesenfeld startet wegen den erforderlichen Revisionsarbeiten traditionell ein paar Tage sp\u00e4ter. Neu im Parkbad sind in der kommenden Saison eine Boule-Fl\u00e4che und ein Pickleball-Platz. Die Arbeiten an beiden Angeboten sollen bis zur Er\u00f6ffnung abgeschlossen sein. In der Wellnessoase Hummelhof wird der Indoor Bereich umfassend erneuert und umgebaut. Der Freibadebetrieb ist davon nicht betroffen. Dar\u00fcber hinaus sind wieder sportliche Aktivit\u00e4ten geplant. Wer beispielsweise bereits morgens seinen Kreislauf in Schwung bringen m\u00f6chte, kann dies beim \u201eSchwimmen am Morgen\u201c tun. Das Angebot gibt\u2019s jeden Dienstag und Donnerstag in der Fitnessoase Parkbad (ausgenommen Feiertage) und jeden Mittwoch in der Erlebnisoase Sch\u00f6rgenhub (ausgenommen Sommerferien, Sperrzeit und Feiertage) jeweils von 7 bis 9 Uhr. Neben den gro\u00dfen B\u00e4deroasen bietet die Linz AG sieben im Stadtgebiet verteilte Kinderfreib\u00e4der an. Diese sind ab 30. Mai bis Ende August bei Sch\u00f6nwetter t\u00e4glich von 10 bis 18 Uhr ge\u00f6ffnet. Kinder bis zw\u00f6lf Jahre k\u00f6nnen dort kostenfrei planschen. Und der Aquapark im Pichlingersee wird derzeit wieder aufgebaut und steht auch heuer wieder f\u00fcr die Badeg\u00e4ste zur Verf\u00fcgung. Der Starttermin h\u00e4ngt vom Wetter und der Seetemperatur ab.<\/p>\n<p><strong>50-Meter-Sportbecken.<\/strong> Das Welldorado-Freibad der Stadt Wels z\u00e4hlt zu den wichtigsten Freizeiteinrichtungen der Region und startet laut Stadtverwaltung auch am 1. Mai in die Saison. Diese dauert bis 20. September. Auf dem gro\u00dfz\u00fcgigen Areal an der Rosenauer Stra\u00dfe erwarten die Besucher vier beheizte Schwimmbecken: ein 50-Meter-Sportbecken, ein Familienbecken, ein Erlebnisbecken sowie ein Kinder- und Babybereich. Zu den Attraktionen z\u00e4hlen eine 100 Meter lange Rutsche, ein 10-Meter-Sprungturm, ein Str\u00f6mungskanal und Wassersprudler. F\u00fcr Familien bietet das Freibad schattige Abenteuerspielpl\u00e4tze und ein modernes Planschbecken. Erg\u00e4nzt wird das Angebot durch Beachvolleyball- und Fu\u00dfballpl\u00e4tze sowie gastronomische Bereiche mit Schanigarten. Auch Barrierefreiheit wird gro\u00dfgeschrieben: Ein stufenloser Zugang erm\u00f6glicht Rollstuhlfahrern die Nutzung des Familienbeckens.<\/p>\n<p><strong>Denkmalgesch\u00fctzter Turm.<\/strong> Die Stadt Steyr betreibt mit dem Stadtbad ein Hallenbad und ein Freibad. Das Freibad \u00f6ffnet bei Sch\u00f6nwetter am Samstag, 9. Mai. Sollte das Wetter nicht mitspielen, bleibt das Hallenbad an diesem Wochenende noch ge\u00f6ffnet. Ab 11. Mai ist dann fix nur mehr Freibadbetrieb, wenn das Wetter passt. Im Stadtbad stehen den Badeg\u00e4sten verschiedene Becken, vom Sportbecken bis zum beschatteten Babybecken, zur Verf\u00fcgung. Besonders Mutige k\u00f6nnen einen Sprung vom denkmalgesch\u00fctzten 10-Meter-Turm wagen, au\u00dferdem gibt es ein Beachvolleyballfeld. Verschiedene Rutschen sorgen f\u00fcr Badespa\u00df bei j\u00fcngeren G\u00e4sten. Weil bei einer Umfrage unter Besuchern vor allem der Wunsch nach mehr Schatten und mehr Parkm\u00f6glichkeiten ge\u00e4u\u00dfert wurde, haben die Stadtbetriebe zus\u00e4tzliche B\u00e4ume gepflanzt, die zwar noch ein bisschen wachsen m\u00fcssen, die aber k\u00fcnftig als Schattenspender dienen. Ein Webshop ist gerade in Planung, \u00fcber den k\u00fcnftig vorab Handytickets gekauft werden k\u00f6nnen. \u201eMit neuen B\u00e4umen, mehr Parkpl\u00e4tzen und k\u00fcnftig auch mit Handytickets bieten wir den Steyrern im Sommer ein noch besseres Freizeitangebot in unserem Stadtbad\u201c, so B\u00fcrgermeister Markus Vogl. In Steyr gibt es au\u00dfer dem Stadtbad noch ein zweites Freibad, die Schwimmschule, die von einem Verein betrieben wird.<\/p>\n<p><strong>Schwimmkurse.<\/strong> Stolz zeigt sich \u00fcbrigens die Stadt Marchtrenk \u00fcber eine partei\u00fcbergreifende Initiative zur F\u00f6rderung von Schwimmkursen der 1. und 2. Klassen der Volksschulen. Rund 350 Kinder profitieren von einer F\u00f6rderung in H\u00f6he von 60 Euro pro Kind.<\/p>\n<h2><span style=\"color: #ff0000;\">G\u00fcnstiger Pritscheln<\/span><\/h2>\n<p>Nicht nur zu sp\u00e4terer Stunde&#8230;<\/p>\n<p><strong>SO SPART MAN AUCH.<\/strong> In den Linzer B\u00e4dern gibt es gegen Ausweis-Vorlage Gratiseintritt am Geburtstag. Im Welldorado Wels kostet der Eintritt f\u00fcr Erwachsene 6 Euro, der Kurzeintritt ab 16:30 Uhr 2,70 Euro. Und in Steyr bleiben im Voraus gekaufte Tageskarten zwei Jahre g\u00fcltig.*<\/p>\n<\/div><div class=\"fusion-image-carousel fusion-image-carousel-fixed lightbox-enabled\"><div class=\"fusion-carousel\" data-autoplay=\"yes\" data-columns=\"5\" data-itemmargin=\"6\" data-itemwidth=\"180\" data-touchscroll=\"no\" data-imagesize=\"fixed\"><div class=\"fusion-carousel-positioner\"><ul class=\"fusion-carousel-holder\"><li class=\"fusion-carousel-item\"><div class=\"fusion-carousel-item-wrapper\"><div class=\"fusion-image-wrapper hover-type-liftup\"><a data-rel=\"iLightbox[gallery_image_1]\" data-caption=\"FAMILIENFREUNDLICH.\nDas Welldorado in Wels bietet ine Vielfalt an Freizeitattraktionen.\" data-title=\"2026-05-Baden-1\" aria-label=\"2026-05-Baden-1\" href=\"https:\/\/i0.wp.com\/www.city-magazin.at\/wp-content\/uploads\/2026\/04\/2026-05-Baden-1.png\" target=\"_self\"><img loading=\"lazy\" decoding=\"async\" width=\"320\" height=\"202\" src=\"https:\/\/i0.wp.com\/www.city-magazin.at\/wp-content\/uploads\/2026\/04\/2026-05-Baden-1.png?resize=320%2C202&amp;ssl=1\" class=\"attachment-blog-medium size-blog-medium\" alt=\"FAMILIENFREUNDLICH. Das Welldorado in Wels bietet eine Vielfalt an Freizeitattraktionen.\" srcset=\"https:\/\/i0.wp.com\/www.city-magazin.at\/wp-content\/uploads\/2026\/04\/2026-05-Baden-1.png?resize=320%2C202&amp;ssl=1 320w, https:\/\/i0.wp.com\/www.city-magazin.at\/wp-content\/uploads\/2026\/04\/2026-05-Baden-1.png?zoom=2&amp;resize=320%2C202 640w, https:\/\/i0.wp.com\/www.city-magazin.at\/wp-content\/uploads\/2026\/04\/2026-05-Baden-1.png?resize=700%2C441&amp;ssl=1 700w, https:\/\/i0.wp.com\/www.city-magazin.at\/wp-content\/uploads\/2026\/04\/2026-05-Baden-1.png?fit=817%2C500&amp;ssl=1 817w\" sizes=\"auto, (max-width: 320px) 100vw, 320px\" \/><\/a><\/div><\/div><\/li><li class=\"fusion-carousel-item\"><div class=\"fusion-carousel-item-wrapper\"><div class=\"fusion-image-wrapper hover-type-liftup\"><a data-rel=\"iLightbox[gallery_image_1]\" data-caption=\"PLATZ F\u00dcR SONNENANBETER.\nDas Hummelhofbad liegt idyllisch am Waldrand.\" data-title=\"2026-05-Baden-2\" aria-label=\"2026-05-Baden-2\" href=\"https:\/\/i0.wp.com\/www.city-magazin.at\/wp-content\/uploads\/2026\/04\/2026-05-Baden-2.png\" target=\"_self\"><img loading=\"lazy\" decoding=\"async\" width=\"320\" height=\"202\" src=\"https:\/\/i0.wp.com\/www.city-magazin.at\/wp-content\/uploads\/2026\/04\/2026-05-Baden-2.png?resize=320%2C202&amp;ssl=1\" class=\"attachment-blog-medium size-blog-medium\" alt=\"PLATZ F\u00dcR SONNENANBETER. Das Hummelhofbad liegt idyllisch am Waldrand.\" srcset=\"https:\/\/i0.wp.com\/www.city-magazin.at\/wp-content\/uploads\/2026\/04\/2026-05-Baden-2.png?resize=320%2C202&amp;ssl=1 320w, https:\/\/i0.wp.com\/www.city-magazin.at\/wp-content\/uploads\/2026\/04\/2026-05-Baden-2.png?zoom=2&amp;resize=320%2C202 640w, https:\/\/i0.wp.com\/www.city-magazin.at\/wp-content\/uploads\/2026\/04\/2026-05-Baden-2.png?resize=700%2C441&amp;ssl=1 700w, https:\/\/i0.wp.com\/www.city-magazin.at\/wp-content\/uploads\/2026\/04\/2026-05-Baden-2.png?fit=719%2C500&amp;ssl=1 719w\" sizes=\"auto, (max-width: 320px) 100vw, 320px\" \/><\/a><\/div><\/div><\/li><li class=\"fusion-carousel-item\"><div class=\"fusion-carousel-item-wrapper\"><div class=\"fusion-image-wrapper hover-type-liftup\"><a data-rel=\"iLightbox[gallery_image_1]\" data-caption=\"NATURNAH\nDas Stadtbad in Steyr.\" data-title=\"2026-05-Baden-3\" aria-label=\"2026-05-Baden-3\" href=\"https:\/\/i0.wp.com\/www.city-magazin.at\/wp-content\/uploads\/2026\/04\/2026-05-Baden-3.png\" target=\"_self\"><img loading=\"lazy\" decoding=\"async\" width=\"320\" height=\"202\" src=\"https:\/\/i0.wp.com\/www.city-magazin.at\/wp-content\/uploads\/2026\/04\/2026-05-Baden-3.png?resize=320%2C202&amp;ssl=1\" class=\"attachment-blog-medium size-blog-medium\" alt=\"NATURNAH Das Stadtbad in Steyr.\" srcset=\"https:\/\/i0.wp.com\/www.city-magazin.at\/wp-content\/uploads\/2026\/04\/2026-05-Baden-3.png?resize=320%2C202&amp;ssl=1 320w, https:\/\/i0.wp.com\/www.city-magazin.at\/wp-content\/uploads\/2026\/04\/2026-05-Baden-3.png?fit=500%2C667&amp;ssl=1 500w\" sizes=\"auto, (max-width: 320px) 100vw, 320px\" \/><\/a><\/div><\/div><\/li><\/ul><\/div><\/div><\/div><div class=\"fusion-text\"><p style=\"text-align: center;\">Fotos: \u00a9 AdobeStock, fotokerschi, Magistrat Steyr, LinzAG | *alle Angaben ohne Gew\u00e4hr<\/p>\n<\/div><div class=\"fusion-clearfix\"><\/div>\n\n\t\t\t\t\t<\/div>\n\t\t\t\t<\/div><\/div><\/div>\n","protected":false},"excerpt":{"rendered":"<p>Jetzt geht es bald wieder los mit dem Badespa\u00df drau\u00dfen; und auch heuer warten die B\u00e4der in Linz, Wels und Steyr mit attraktiven Neuerungen auf, wie CITY! in Erfahrung gebracht hat.<\/p>\n","protected":false},"author":2,"featured_media":7519,"comment_status":"closed","ping_status":"closed","sticky":false,"template":"","format":"standard","meta":{"jetpack_post_was_ever_published":false,"_jetpack_newsletter_access":"","_jetpack_dont_email_post_to_subs":false,"_jetpack_newsletter_tier_id":0,"_jetpack_memberships_contains_paywalled_content":false,"_jetpack_memberships_contains_paid_content":false,"footnotes":"","jetpack_publicize_message":"","jetpack_publicize_feature_enabled":true,"jetpack_social_post_already_shared":true,"jetpack_social_options":{"image_generator_settings":{"template":"highway","default_image_id":0,"font":"","enabled":false},"version":2}},"categories":[31,1],"tags":[],"class_list":["post-7517","post","type-post","status-publish","format-standard","has-post-thumbnail","hentry","category-aktuell","category-allgemein"],"jetpack_publicize_connections":[],"jetpack_featured_media_url":"https:\/\/i0.wp.com\/www.city-magazin.at\/wp-content\/uploads\/2026\/04\/2026-05-Baden.png?fit=1450%2C700&ssl=1","jetpack_shortlink":"https:\/\/wp.me\/p7QK0n-1Xf","jetpack_sharing_enabled":true,"_links":{"self":[{"href":"https:\/\/www.city-magazin.at\/index.php\/wp-json\/wp\/v2\/posts\/7517","targetHints":{"allow":["GET"]}}],"collection":[{"href":"https:\/\/www.city-magazin.at\/index.php\/wp-json\/wp\/v2\/posts"}],"about":[{"href":"https:\/\/www.city-magazin.at\/index.php\/wp-json\/wp\/v2\/types\/post"}],"author":[{"embeddable":true,"href":"https:\/\/www.city-magazin.at\/index.php\/wp-json\/wp\/v2\/users\/2"}],"replies":[{"embeddable":true,"href":"https:\/\/www.city-magazin.at\/index.php\/wp-json\/wp\/v2\/comments?post=7517"}],"version-history":[{"count":2,"href":"https:\/\/www.city-magazin.at\/index.php\/wp-json\/wp\/v2\/posts\/7517\/revisions"}],"predecessor-version":[{"id":7523,"href":"https:\/\/www.city-magazin.at\/index.php\/wp-json\/wp\/v2\/posts\/7517\/revisions\/7523"}],"wp:featuredmedia":[{"embeddable":true,"href":"https:\/\/www.city-magazin.at\/index.php\/wp-json\/wp\/v2\/media\/7519"}],"wp:attachment":[{"href":"https:\/\/www.city-magazin.at\/index.php\/wp-json\/wp\/v2\/media?parent=7517"}],"wp:term":[{"taxonomy":"category","embeddable":true,"href":"https:\/\/www.city-magazin.at\/index.php\/wp-json\/wp\/v2\/categories?post=7517"},{"taxonomy":"post_tag","embeddable":true,"href":"https:\/\/www.city-magazin.at\/index.php\/wp-json\/wp\/v2\/tags?post=7517"}],"curies":[{"name":"wp","href":"https:\/\/api.w.org\/{rel}","templated":true}]}}