{"id":7656,"date":"2026-08-30T21:46:38","date_gmt":"2026-08-30T19:46:38","guid":{"rendered":"https:\/\/www.city-magazin.at\/?p=7656"},"modified":"2026-08-30T21:46:58","modified_gmt":"2026-08-30T19:46:58","slug":"schultueten-alarm-bei-mcdonalds","status":"publish","type":"post","link":"https:\/\/www.city-magazin.at\/index.php\/schultueten-alarm-bei-mcdonalds\/","title":{"rendered":"Schult\u00fcten\u2011Alarm bei McDonald\u2019s"},"content":{"rendered":"<div class=\"fusion-fullwidth fullwidth-box nonhundred-percent-fullwidth non-hundred-percent-height-scrolling\"  style='background-color: rgba(255,255,255,0);background-position: center center;background-repeat: no-repeat;padding-top:20px;padding-right:0px;padding-bottom:20px;padding-left:0px;'><div class=\"fusion-builder-row fusion-row \"><div  class=\"fusion-layout-column fusion_builder_column fusion_builder_column_1_1  fusion-one-full fusion-column-first fusion-column-last 1_1\"  style='margin-top:0px;margin-bottom:20px;'>\n\t\t\t\t\t<div class=\"fusion-column-wrapper\" style=\"padding: 0px 0px 0px 0px;background-position:left top;background-repeat:no-repeat;-webkit-background-size:cover;-moz-background-size:cover;-o-background-size:cover;background-size:cover;\"  data-bg-url=\"\">\n\t\t\t\t\t\t<div class=\"fusion-title title fusion-sep-none fusion-title-size-one\" style=\"margin-top:0px;margin-bottom:31px;\"><h1 class=\"title-heading-left\"><h1>\u00dcBERRASCHUNG beim <span style=\"color: #e20714;\"><span data-olk-copy-source=\"MessageBody\">M\u00e4cci<\/span>\u00a0<\/span><\/h1><\/h1><\/div><div class=\"fusion-title title fusion-sep-none fusion-title-size-one\" style=\"margin-top:0px;margin-bottom:31px;\"><h1 class=\"title-heading-left\"><h4>Am 14. September gibt es f\u00fcr Taferlklassler ab 14 Uhr eine Gratis-Schult\u00fcte.<\/h4><\/h1><\/div><div class=\"fusion-text\"><p>So macht der Schulanfang f\u00fcr Abc-Sch\u00fctzen gleich doppelt Spa\u00df, denn McDonald&#8217;s am Schillerpark feiert mit euch am Montag, 14.09. um 14 Uhr ein kleines Schulstartfest.<!--more--><\/p>\n<p style=\"margin: 0cm; text-align: justify;\"><span style=\"letter-spacing: -.1pt;\">Dabei gibt es in Anwesenheit prominenter G\u00e4ste aus Stadt und Land auch kleine Preise zu gewinnen \u2013 und das Beste: Jeder Schulanf\u00e4nger erh\u00e4lt \u2013 solange der Vorrat reicht \u2013 eine kostenlose Schult\u00fcte. \u201eDamit wollen wir auch jenen eine Freude machen, die vielleicht an diesem Tag noch gar keine bekommen haben\u201c, so der neue Mister M\u00e4cci Richard J\u00e4ger, der auch Franchisenehmer am Linzer Taubenmarkt ist.<\/span><\/p>\n<p style=\"margin: 0cm; text-align: justify; font-variant-caps: normal; font-stretch: normal; font-size-adjust: none; font-kerning: auto; font-variant-alternates: normal; font-variant-ligatures: normal; font-variant-numeric: normal; font-variant-east-asian: normal; font-feature-settings: normal;\"><span style=\"font-variant-caps: normal; font-stretch: normal; font-size-adjust: none; font-kerning: auto; font-variant-alternates: normal; font-variant-ligatures: normal; font-variant-numeric: normal; font-variant-east-asian: normal; font-feature-settings: normal;\"><b><span style=\"letter-spacing: .1pt;\">Wer zuerst kommt.<\/span><\/b><\/span><span style=\"letter-spacing: .1pt;\"> Das Schulstartfest findet zwar \u201enur\u201c im McDonal<\/span><span style=\"letter-spacing: -.1pt;\">d&#8217;s<\/span><span style=\"letter-spacing: .1pt;\">-Restaurant am Schillerpark statt, aber auch das Team vom Linzer Taubenmarkt unterst\u00fctzt die tolle Aktion <\/span>ebenfalls ab 14 Uhr. Das hei\u00dft, dass Taferlklassler in beiden Landstra\u00dfen-Restaurants Schult\u00fcten bekommen werden. \u00dcberall gilt aber das Motto: Wer zuerst kommt, der mahlt zuerst.<\/p>\n<h3><\/h3>\n<h3 style=\"font-variant-caps: normal; font-stretch: normal; font-size-adjust: none; font-kerning: auto; font-variant-alternates: normal; font-variant-ligatures: normal; font-variant-numeric: normal; font-variant-east-asian: normal; font-feature-settings: normal; margin: 0cm 0cm 0cm 4.3pt;\">M\u00e4cci Schillerpark<\/h3>\n<p style=\"font-variant-caps: normal; font-stretch: normal; font-size-adjust: none; font-kerning: auto; font-variant-alternates: normal; font-variant-ligatures: normal; font-variant-numeric: normal; font-variant-east-asian: normal; font-feature-settings: normal; margin: 0cm 0cm 0cm 4.3pt;\">Richard J\u00e4ger ist der neue Chef<\/p>\n<h5><\/h5>\n<p style=\"font-variant-caps: normal; font-stretch: normal; font-size-adjust: none; font-kerning: auto; font-variant-alternates: normal; font-variant-ligatures: normal; font-variant-numeric: normal; font-variant-east-asian: normal; font-feature-settings: normal; margin: 0cm 0cm 0cm 4.3pt;\"><b>NEUSTART. <\/b>Der geb\u00fcrtige Salzburger Richard J\u00e4ger (38) ist bereits seit 2022 Franchisenehmer bei McDonald\u2019s. In O\u00d6 betreibt er die Standorte Rohrbach, Freistadt, Unterweitersdorf, Linz-Taubenmarkt und Sch\u00e4rding. Mit der Linzer Landstra\u00dfe (beim Schillerpark) f\u00fchrt er nun sechs Restaurants, besch\u00e4ftigt \u00fcber 300 Mitarbeiter. Mit diesen setzt er auf klare Qualit\u00e4tsprozesse, kontinuierliche Weiterbildung und eine wertsch\u00e4tzende Teamkultur. \u201eIch freue mich, ein weiteres Restaurant \u00fcbernehmen zu d\u00fcrfen und gemeinsam mit dem Team jeden Tag f\u00fcr unsere G\u00e4ste da zu sein. Unser Anspruch ist es, den Standort kontinuierlich weiterzuentwickeln und verl\u00e4ssliche Qualit\u00e4t zu bieten\u201c, so J\u00e4ger. Soziales Engagement ist dem Unternehmer wichtig, weshalb er auch zahlreiche Vereine als Sponsor unterst\u00fctzt.<\/p>\n<\/div><div class=\"fusion-image-carousel fusion-image-carousel-fixed lightbox-enabled\"><div class=\"fusion-carousel\" data-autoplay=\"yes\" data-columns=\"5\" data-itemmargin=\"5\" data-itemwidth=\"180\" data-touchscroll=\"no\" data-imagesize=\"fixed\"><div class=\"fusion-carousel-positioner\"><ul class=\"fusion-carousel-holder\"><li class=\"fusion-carousel-item\"><div class=\"fusion-carousel-item-wrapper\"><div class=\"fusion-image-wrapper hover-type-liftup\"><a data-rel=\"iLightbox[gallery_image_1]\" data-caption=\"GRATIS. Schult\u00fcten (Symbolbild) bei McDonald&#039;s in der Linzer City.\" data-title=\"2026-09-M\u00e4cci-2\" aria-label=\"2026-09-M\u00e4cci-2\" href=\"https:\/\/i0.wp.com\/www.city-magazin.at\/wp-content\/uploads\/2026\/08\/2026-09-Maecci-2.png\" target=\"_self\"><img loading=\"lazy\" decoding=\"async\" width=\"320\" height=\"202\" src=\"https:\/\/i0.wp.com\/www.city-magazin.at\/wp-content\/uploads\/2026\/08\/2026-09-Maecci-2.png?resize=320%2C202&amp;ssl=1\" class=\"attachment-blog-medium size-blog-medium\" alt=\"GRATIS. Schult\u00fcten (Symbolbild) bei McDonald&#039;s in der Linzer City.\" srcset=\"https:\/\/i0.wp.com\/www.city-magazin.at\/wp-content\/uploads\/2026\/08\/2026-09-Maecci-2.png?resize=320%2C202&amp;ssl=1 320w, https:\/\/i0.wp.com\/www.city-magazin.at\/wp-content\/uploads\/2026\/08\/2026-09-Maecci-2.png?zoom=2&amp;resize=320%2C202 640w, https:\/\/i0.wp.com\/www.city-magazin.at\/wp-content\/uploads\/2026\/08\/2026-09-Maecci-2.png?resize=700%2C441&amp;ssl=1 700w, https:\/\/i0.wp.com\/www.city-magazin.at\/wp-content\/uploads\/2026\/08\/2026-09-Maecci-2.png?zoom=3&amp;resize=320%2C202 960w, https:\/\/i0.wp.com\/www.city-magazin.at\/wp-content\/uploads\/2026\/08\/2026-09-Maecci-2.png?fit=1050%2C700&amp;ssl=1 1050w\" sizes=\"auto, (max-width: 320px) 100vw, 320px\" \/><\/a><\/div><\/div><\/li><li class=\"fusion-carousel-item\"><div class=\"fusion-carousel-item-wrapper\"><div class=\"fusion-image-wrapper hover-type-liftup\"><a data-rel=\"iLightbox[gallery_image_1]\" data-caption=\"MIT DABEI.\nVizebgm. Karin Leitner (SP\u00d6).\" data-title=\"2026-09-M\u00e4cci-3\" aria-label=\"2026-09-M\u00e4cci-3\" href=\"https:\/\/i0.wp.com\/www.city-magazin.at\/wp-content\/uploads\/2026\/08\/2026-09-Maecci-3.png\" target=\"_self\"><img loading=\"lazy\" decoding=\"async\" width=\"320\" height=\"202\" src=\"https:\/\/i0.wp.com\/www.city-magazin.at\/wp-content\/uploads\/2026\/08\/2026-09-Maecci-3.png?resize=320%2C202&amp;ssl=1\" class=\"attachment-blog-medium size-blog-medium\" alt=\"MIT DABEI. Vizebgm. Karin Leitner (SP\u00d6).\" srcset=\"https:\/\/i0.wp.com\/www.city-magazin.at\/wp-content\/uploads\/2026\/08\/2026-09-Maecci-3.png?resize=320%2C202&amp;ssl=1 320w, https:\/\/i0.wp.com\/www.city-magazin.at\/wp-content\/uploads\/2026\/08\/2026-09-Maecci-3.png?fit=467%2C700&amp;ssl=1 467w\" sizes=\"auto, (max-width: 320px) 100vw, 320px\" \/><\/a><\/div><\/div><\/li><\/ul><\/div><\/div><\/div><div class=\"fusion-text\"><p style=\"text-align: center;\">Fotos: \u00a9 Georg Hartl, McDonald&#8217;s \u00d6sterreich, AdobeStock<\/p>\n<\/div><div class=\"fusion-clearfix\"><\/div>\n\n\t\t\t\t\t<\/div>\n\t\t\t\t<\/div><\/div><\/div>\n","protected":false},"excerpt":{"rendered":"<p>So macht der Schulanfang f\u00fcr Abc-Sch\u00fctzen gleich doppelt Spa\u00df, denn McDonald&#8217;s am Schillerpark feiert mit euch am Montag, 14.09. um 14 Uhr ein kleines Schulstartfest.<\/p>\n","protected":false},"author":2,"featured_media":7661,"comment_status":"closed","ping_status":"closed","sticky":false,"template":"","format":"standard","meta":{"_jetpack_newsletter_access":"","_jetpack_dont_email_post_to_subs":false,"_jetpack_newsletter_tier_id":0,"_jetpack_memberships_contains_paywalled_content":false,"_jetpack_feature_clip_id":0,"_jetpack_memberships_contains_paid_content":false,"footnotes":"","jetpack_publicize_message":"","jetpack_publicize_feature_enabled":true,"jetpack_social_post_already_shared":true,"jetpack_social_options":{"image_generator_settings":{"template":"highway","default_image_id":0,"font":"","enabled":false},"version":2},"jetpack_post_was_ever_published":false},"categories":[31,1],"tags":[],"class_list":["post-7656","post","type-post","status-publish","format-standard","has-post-thumbnail","hentry","category-aktuell","category-allgemein"],"jetpack_publicize_connections":[],"jetpack_shortlink":"https:\/\/wp.me\/p7QK0n-1Zu","jetpack_sharing_enabled":true,"jetpack_likes_enabled":true,"jetpack_featured_media_url":"https:\/\/i0.wp.com\/www.city-magazin.at\/wp-content\/uploads\/2026\/08\/2026-09-Maecci-1.png?fit=1050%2C700&ssl=1","_links":{"self":[{"href":"https:\/\/www.city-magazin.at\/index.php\/wp-json\/wp\/v2\/posts\/7656","targetHints":{"allow":["GET"]}}],"collection":[{"href":"https:\/\/www.city-magazin.at\/index.php\/wp-json\/wp\/v2\/posts"}],"about":[{"href":"https:\/\/www.city-magazin.at\/index.php\/wp-json\/wp\/v2\/types\/post"}],"author":[{"embeddable":true,"href":"https:\/\/www.city-magazin.at\/index.php\/wp-json\/wp\/v2\/users\/2"}],"replies":[{"embeddable":true,"href":"https:\/\/www.city-magazin.at\/index.php\/wp-json\/wp\/v2\/comments?post=7656"}],"version-history":[{"count":5,"href":"https:\/\/www.city-magazin.at\/index.php\/wp-json\/wp\/v2\/posts\/7656\/revisions"}],"predecessor-version":[{"id":7664,"href":"https:\/\/www.city-magazin.at\/index.php\/wp-json\/wp\/v2\/posts\/7656\/revisions\/7664"}],"wp:featuredmedia":[{"embeddable":true,"href":"https:\/\/www.city-magazin.at\/index.php\/wp-json\/wp\/v2\/media\/7661"}],"wp:attachment":[{"href":"https:\/\/www.city-magazin.at\/index.php\/wp-json\/wp\/v2\/media?parent=7656"}],"wp:term":[{"taxonomy":"category","embeddable":true,"href":"https:\/\/www.city-magazin.at\/index.php\/wp-json\/wp\/v2\/categories?post=7656"},{"taxonomy":"post_tag","embeddable":true,"href":"https:\/\/www.city-magazin.at\/index.php\/wp-json\/wp\/v2\/tags?post=7656"}],"curies":[{"name":"wp","href":"https:\/\/api.w.org\/{rel}","templated":true}]}}